{"id":43069,"date":"2025-07-19T10:36:22","date_gmt":"2025-07-19T07:36:22","guid":{"rendered":"https:\/\/www.egemtv.com\/?p=43069"},"modified":"2025-07-19T10:36:23","modified_gmt":"2025-07-19T07:36:23","slug":"dogaseverler-kocagole-dikkat-cekti","status":"publish","type":"post","link":"https:\/\/www.egemtv.com\/?p=43069","title":{"rendered":"Do\u011faseverler Kocag\u00f6l\u2019e dikkat \u00e7ekti"},"content":{"rendered":"<p>Ekosistemi Koruma ve Do\u011fa Sevenler Derne\u011fi\u2019nin (EKODOSD) \u00c7ar\u015famba S\u00f6yle\u015fileri\u2019nde bu hafta Ku\u015fadas\u0131\u2019n\u0131n deniz k\u0131y\u0131s\u0131ndaki tek lag\u00fcn\u00fc olma \u00f6zelli\u011fi ta\u015f\u0131yan Kocag\u00f6l\u2019e dikkat \u00e7ekildi.<br \/>\n<br \/>Ayd\u0131n\u2019da tarihin ve ekosistemin korunmas\u0131 ad\u0131na \u00f6nemli \u00e7al\u0131\u015fmalar y\u00fcr\u00fcten Ekosistemi Koruma ve Do\u011fa Sevenler Derne\u011fi (EKODOSD), \u2018\u00c7ar\u015famba S\u00f6yle\u015fileri\u2019ne aral\u0131ks\u0131z devam ediyor. Bu \u00e7er\u00e7evede d\u00fczenlenen s\u00f6yle\u015finin bu haftaki konusu &#8220;Kocag\u00f6l \u00d6lmeden&#8221; oldu. S\u00f6yle\u015filerin bu haftaki konu\u011fu ise belgesel foto\u011fraf\u00e7\u0131lar\u0131ndan H\u00fclya Mutlu Avc\u0131 ve Aysun Ata\u00e7 oldu. S\u00f6yle\u015fide Ayd\u0131n\u2019\u0131n Ku\u015fadas\u0131 il\u00e7esinde denize k\u0131y\u0131s\u0131 olan tek lag\u00fcn olma \u00f6zelli\u011fi ta\u015f\u0131yan Kocag\u00f6l\u2019e dikkat \u00e7ekildi. Belgesel foto\u011fraf\u00e7\u0131 H\u00fclya Mutlu Avc\u0131, yok olma sinyali vermeye ba\u015flayan ve ad\u0131 her ne kadar koca olsa da, y\u0131llard\u0131r devam eden insan bask\u0131s\u0131yla k\u00fc\u00e7\u00fck bir g\u00f6le d\u00f6n\u00fc\u015fen Kocag\u00f6l\u2019de ya\u015fanan \u00e7evresel tahribat\u0131 g\u00f6zler \u00f6n\u00fcne serdi. Sazl\u0131klar\u0131n yak\u0131ld\u0131\u011f\u0131, su kaynaklar\u0131n\u0131n kurudu\u011fu g\u00f6lde ya\u015fam m\u00fccadelesi veren canl\u0131lar\u0131n dram\u0131 da, foto\u011fraflarla kare kare anlat\u0131ld\u0131. \u0130klim de\u011fi\u015fikli\u011fi ve \u00e7evre tahribat\u0131na dikkat \u00e7ekmek istediklerini ifade eden EKODOSD Ba\u015fkan\u0131 Bahattin S\u00fcr\u00fcc\u00fc, s\u00f6yle\u015fi ile ilgili yapt\u0131\u011f\u0131 a\u00e7\u0131klamada &#8220;\u00c7ar\u015famba S\u00f6yle\u015filerinde bu hafta, iklim de\u011fi\u015fikli\u011fine dikkat \u00e7ekmek, \u00e7evrede olup bitenlerin g\u00f6zle g\u00f6r\u00fcl\u00fcr sonu\u00e7lar\u0131yla birlikte nedenlerini anlamaya \u00e7al\u0131\u015fmak ama\u00e7l\u0131 olarak Antroposen \u00c7a\u011fdan Belgesel Hikayeler ba\u015fl\u0131\u011f\u0131yla ba\u015flat\u0131lan kolektif editoryal foto\u011fraf \u00e7al\u0131\u015fmalar\u0131 kapsam\u0131nda proje \u00fcreten belgesel foto\u011fraf\u00e7\u0131lar\u0131ndan H\u00fclya Mutlu Avc\u0131 ve Aysun Ata\u00e7\u2019\u0131 konuk ettik. H\u00fclya Mutlu Avc\u0131 \u2019Kocag\u00f6l \u00d6lmeden\u2019 konulu sunumunda, Ku\u015fadas\u0131\u2019n\u0131n tek lag\u00fcn g\u00f6l\u00fc olan Kocag\u00f6l\u2019\u00fcn hikayesini ve \u00e7al\u0131\u015fma s\u00fcrecinde g\u00f6rd\u00fc\u011f\u00fc t\u00fcm olumsuzluklar\u0131 ve sorunlar\u0131n i\u00e7inde ya\u015famaya \u00e7al\u0131\u015fan canl\u0131lar\u0131 ve suyun hikayesini \u00e7ekmi\u015f oldu\u011fu foto\u011fraflar \u00fczerinden anlatt\u0131. Ku\u015flar\u0131n ya\u015fam alanlar\u0131 olan sazl\u0131klar\u0131n yak\u0131ld\u0131\u011f\u0131n\u0131, tahrip edildi\u011fini, g\u00f6l\u00fc besleyen tatl\u0131 su kaynaklar\u0131n\u0131n kurutuldu\u011funu, \u00e7evresinden gelen at\u0131k sularla kirletildi\u011fini, binlerce insan\u0131n girdi\u011fi plajlara akan sular\u0131n halk sa\u011fl\u0131\u011f\u0131n\u0131 tehdit etti\u011fini belirtti. Aysun Ata\u00e7 ise \u2019Dilovas\u0131\u2019 konulu sunumunda, bu kentin di\u011fer il\u00e7elerden \u00e7ok farkl\u0131 olarak fabrika-kent oldu\u011funu, yapayaln\u0131z ve \u00e7aresizliklerini foto\u011fraflarla anlatt\u0131&#8221; ifadelerine yer verdi.<br \/>\n<br \/>Yap\u0131lan sunumlardan sonra konuklar\u0131n sorular\u0131n\u0131 yan\u0131tlayan H\u00fclya Mutlu Avc\u0131 ve Aysun Ata\u00e7\u2019a, Antroposen \u00c7a\u011fdan Belgesel Hikayeler projesinin edit\u00f6rleri \u00d6zcan Yurdalan ve Yusuf Aslan taraf\u0131ndan EKODOSD\u2019un te\u015fekk\u00fcr belgeleri takdim edildi.<br \/><\/p>\n","protected":false},"excerpt":{"rendered":"<p>Ekosistemi Koruma ve Do\u011fa Sevenler Derne\u011fi\u2019nin (EKODOSD) \u00c7ar\u015famba S\u00f6yle\u015fileri\u2019nde bu hafta Ku\u015fadas\u0131\u2019n\u0131n deniz k\u0131y\u0131s\u0131ndaki tek lag\u00fcn\u00fc olma \u00f6zelli\u011fi ta\u015f\u0131yan Kocag\u00f6l\u2019e dikkat \u00e7ekildi. Ayd\u0131n\u2019da tarihin ve ekosistemin korunmas\u0131 ad\u0131na \u00f6nemli \u00e7al\u0131\u015fmalar y\u00fcr\u00fcten Ekosistemi Koruma ve Do\u011fa Sevenler Derne\u011fi (EKODOSD), \u2018\u00c7ar\u015famba S\u00f6yle\u015fileri\u2019ne aral\u0131ks\u0131z devam ediyor. Bu \u00e7er\u00e7evede d\u00fczenlenen s\u00f6yle\u015finin bu haftaki konusu &#8220;Kocag\u00f6l \u00d6lmeden&#8221; oldu. S\u00f6yle\u015filerin bu&#8230;<\/p>\n","protected":false},"author":1,"featured_media":43070,"comment_status":"open","ping_status":"open","sticky":false,"template":"","format":"standard","meta":{"_crdt_document":"","footnotes":""},"categories":[1],"tags":[],"class_list":["post-43069","post","type-post","status-publish","format-standard","has-post-thumbnail","hentry","category-guncel"],"_links":{"self":[{"href":"https:\/\/www.egemtv.com\/index.php?rest_route=\/wp\/v2\/posts\/43069","targetHints":{"allow":["GET"]}}],"collection":[{"href":"https:\/\/www.egemtv.com\/index.php?rest_route=\/wp\/v2\/posts"}],"about":[{"href":"https:\/\/www.egemtv.com\/index.php?rest_route=\/wp\/v2\/types\/post"}],"author":[{"embeddable":true,"href":"https:\/\/www.egemtv.com\/index.php?rest_route=\/wp\/v2\/users\/1"}],"replies":[{"embeddable":true,"href":"https:\/\/www.egemtv.com\/index.php?rest_route=%2Fwp%2Fv2%2Fcomments&post=43069"}],"version-history":[{"count":1,"href":"https:\/\/www.egemtv.com\/index.php?rest_route=\/wp\/v2\/posts\/43069\/revisions"}],"predecessor-version":[{"id":43071,"href":"https:\/\/www.egemtv.com\/index.php?rest_route=\/wp\/v2\/posts\/43069\/revisions\/43071"}],"wp:featuredmedia":[{"embeddable":true,"href":"https:\/\/www.egemtv.com\/index.php?rest_route=\/wp\/v2\/media\/43070"}],"wp:attachment":[{"href":"https:\/\/www.egemtv.com\/index.php?rest_route=%2Fwp%2Fv2%2Fmedia&parent=43069"}],"wp:term":[{"taxonomy":"category","embeddable":true,"href":"https:\/\/www.egemtv.com\/index.php?rest_route=%2Fwp%2Fv2%2Fcategories&post=43069"},{"taxonomy":"post_tag","embeddable":true,"href":"https:\/\/www.egemtv.com\/index.php?rest_route=%2Fwp%2Fv2%2Ftags&post=43069"}],"curies":[{"name":"wp","href":"https:\/\/api.w.org\/{rel}","templated":true}]}}