{"id":43066,"date":"2025-07-19T09:56:14","date_gmt":"2025-07-19T06:56:14","guid":{"rendered":"https:\/\/www.egemtv.com\/?p=43066"},"modified":"2025-07-19T09:56:17","modified_gmt":"2025-07-19T06:56:17","slug":"nazillisporda-genclesme-operasyonu","status":"publish","type":"post","link":"https:\/\/www.egemtv.com\/?p=43066","title":{"rendered":"Nazillispor\u2019da gen\u00e7le\u015fme operasyonu"},"content":{"rendered":"<p>Nazillispor, yeni sezon \u00f6ncesi gen\u00e7le\u015fme operasyonuna gitti. TFF\u2019nin ya\u015f s\u0131n\u0131rlamas\u0131 nedeniyle 25 ya\u015f alt\u0131 8 potansiyelli ismi kadrosuna katan siyah-beyazl\u0131lar, dinamik ve rekabet\u00e7i bir tak\u0131m olu\u015fturmay\u0131 hedefliyor.<br \/>\n<br \/>TFF 3. Lig ekiplerinden Nazillispor, yeni sezon \u00f6ncesi kadrosunu g\u00fc\u00e7lendirmek ad\u0131na transfer \u00e7al\u0131\u015fmalar\u0131na h\u0131z verdi. Siyah-beyazl\u0131lar, TFF\u2019nin bu sezon 3. Lig i\u00e7in belirledi\u011fi 25 ya\u015f \u00fcst\u00fc en fazla 5 oyuncuya lisans \u00e7\u0131karabilme kural\u0131 \u00e7er\u00e7evesinde gen\u00e7 ve potansiyelli oyuncular\u0131 kadrosuna katt\u0131. Yenilenen y\u00f6netimi ve teknik ekibiyle sezona giren Nazillispor, 8 gen\u00e7 oyuncuyu renklerine ba\u011flad\u0131. Dinamik ve m\u00fccadeleci bir kadro kurmay\u0131 hedefleyen Naz Naz, transferlerini a\u00e7\u0131klad\u0131. 18 ya\u015f\u0131ndaki gen\u00e7 sol bek Ya\u011f\u0131z Efe Kaya, 3. Lig temsilcisi 23 Elaz\u0131\u011f FK\u2019dan transfer edildi. Geli\u015fime a\u00e7\u0131k yap\u0131s\u0131yla dikkat \u00e7eken Kaya, hem defansif hem ofansif katk\u0131s\u0131yla sol kanatta forma \u015fans\u0131 arayacak. 21 ya\u015f\u0131ndaki kaleci Yusufcan Kutlu, 3. Lig ekibi Artvin Hopaspor\u2019dan kadroya dahil edildi. Gelecek vadeden kaleci, deneyimli isim Zekeriya Topayan ile rekabeti art\u0131rmak ad\u0131na \u00f6nemli bir hamle olarak de\u011ferlendiriliyor. \u0130ngiltere\u2019nin k\u00f6kl\u00fc kul\u00fcplerinden Sheffield Wednesday\u2019in altyap\u0131s\u0131nda forma giyen 18 ya\u015f\u0131ndaki orta saha oyuncusu R\u00fczgar Roni Bedir, teknik kapasitesi ve oyun g\u00f6r\u00fc\u015f\u00fcyle dikkat \u00e7ekiyor. Bedir, Avrupa tecr\u00fcbesiyle orta alana derinlik katmas\u0131 beklenen isimlerden. 23 ya\u015f\u0131ndaki savunma oyuncusu Emir Yaz\u0131c\u0131, 2. Lig temsilcisi Beyo\u011flu Yeni \u00c7ar\u015f\u0131\u2019dan kadroya dahil edildi. G\u00fc\u00e7l\u00fc fizi\u011fi ve hava toplar\u0131ndaki etkinli\u011fiyle tan\u0131nan Yaz\u0131c\u0131, savunma hatt\u0131nda istikrar arayan Nazillispor i\u00e7in \u00f6nemli bir takviye. Beyo\u011flu Yeni \u00c7ar\u015f\u0131\u2019dan transfer edilen bir di\u011fer isim ise 20 ya\u015f\u0131ndaki gen\u00e7 golc\u00fc Muhammed Sait Sipahiler oldu. Potansiyeliyle dikkat \u00e7eken Sipahiler\u2019in, h\u00fccum hatt\u0131nda s\u00fcre alarak kendisini g\u00f6stermesi bekleniyor. 23 ya\u015f\u0131ndaki h\u0131zl\u0131 kanat oyuncusu Kutsuay Emir T\u00fcren, 2. Lig\u2019de m\u00fccadele eden 24 Erzincanspor\u2019dan transfer edildi. H\u0131z\u0131, dripling yetene\u011fi ve oyun zekas\u0131yla h\u00fccumda \u00f6nemli bir rol \u00fcstlenmesi hedefleniyor. 24 ya\u015f\u0131ndaki sa\u011f bek Abd\u00fclmelik Hanalp, BAL ekibi Kumluca Belediyespor\u2019dan kadroya dahil edildi. Hanalp, savunmadaki istikrar\u0131yla biliniyor. Hem defansif katk\u0131s\u0131 hem de ileriye \u00e7\u0131k\u0131\u015flar\u0131yla tak\u0131ma fayda sa\u011flamas\u0131 bekleniyor. 18 ya\u015f\u0131ndaki gen\u00e7 stoper Taha Bar\u0131\u015f Aldemir, Ke\u00e7i\u00f6ren Belediyesi Ba\u011flumspor gelece\u011fe yat\u0131r\u0131m olarak de\u011ferlendirilen transferlerden biri. Aldemir, altyap\u0131 geli\u015fimiyle de dikkat \u00e7eken bir isim oldu.<br \/><\/p>\n","protected":false},"excerpt":{"rendered":"<p>Nazillispor, yeni sezon \u00f6ncesi gen\u00e7le\u015fme operasyonuna gitti. TFF\u2019nin ya\u015f s\u0131n\u0131rlamas\u0131 nedeniyle 25 ya\u015f alt\u0131 8 potansiyelli ismi kadrosuna katan siyah-beyazl\u0131lar, dinamik ve rekabet\u00e7i bir tak\u0131m olu\u015fturmay\u0131 hedefliyor. TFF 3. Lig ekiplerinden Nazillispor, yeni sezon \u00f6ncesi kadrosunu g\u00fc\u00e7lendirmek ad\u0131na transfer \u00e7al\u0131\u015fmalar\u0131na h\u0131z verdi. Siyah-beyazl\u0131lar, TFF\u2019nin bu sezon 3. Lig i\u00e7in belirledi\u011fi 25 ya\u015f \u00fcst\u00fc en fazla&#8230;<\/p>\n","protected":false},"author":1,"featured_media":43067,"comment_status":"open","ping_status":"open","sticky":false,"template":"","format":"standard","meta":{"_crdt_document":"","footnotes":""},"categories":[4],"tags":[],"class_list":["post-43066","post","type-post","status-publish","format-standard","has-post-thumbnail","hentry","category-spor"],"_links":{"self":[{"href":"https:\/\/www.egemtv.com\/index.php?rest_route=\/wp\/v2\/posts\/43066","targetHints":{"allow":["GET"]}}],"collection":[{"href":"https:\/\/www.egemtv.com\/index.php?rest_route=\/wp\/v2\/posts"}],"about":[{"href":"https:\/\/www.egemtv.com\/index.php?rest_route=\/wp\/v2\/types\/post"}],"author":[{"embeddable":true,"href":"https:\/\/www.egemtv.com\/index.php?rest_route=\/wp\/v2\/users\/1"}],"replies":[{"embeddable":true,"href":"https:\/\/www.egemtv.com\/index.php?rest_route=%2Fwp%2Fv2%2Fcomments&post=43066"}],"version-history":[{"count":1,"href":"https:\/\/www.egemtv.com\/index.php?rest_route=\/wp\/v2\/posts\/43066\/revisions"}],"predecessor-version":[{"id":43068,"href":"https:\/\/www.egemtv.com\/index.php?rest_route=\/wp\/v2\/posts\/43066\/revisions\/43068"}],"wp:featuredmedia":[{"embeddable":true,"href":"https:\/\/www.egemtv.com\/index.php?rest_route=\/wp\/v2\/media\/43067"}],"wp:attachment":[{"href":"https:\/\/www.egemtv.com\/index.php?rest_route=%2Fwp%2Fv2%2Fmedia&parent=43066"}],"wp:term":[{"taxonomy":"category","embeddable":true,"href":"https:\/\/www.egemtv.com\/index.php?rest_route=%2Fwp%2Fv2%2Fcategories&post=43066"},{"taxonomy":"post_tag","embeddable":true,"href":"https:\/\/www.egemtv.com\/index.php?rest_route=%2Fwp%2Fv2%2Ftags&post=43066"}],"curies":[{"name":"wp","href":"https:\/\/api.w.org\/{rel}","templated":true}]}}