{"id":43060,"date":"2025-07-19T09:56:08","date_gmt":"2025-07-19T06:56:08","guid":{"rendered":"https:\/\/www.egemtv.com\/?p=43060"},"modified":"2025-07-19T09:56:11","modified_gmt":"2025-07-19T06:56:11","slug":"il-saglik-mudurlugunden-universite-hastanesine-ziyaret","status":"publish","type":"post","link":"https:\/\/www.egemtv.com\/?p=43060","title":{"rendered":"\u0130l Sa\u011fl\u0131k M\u00fcd\u00fcrl\u00fc\u011f\u00fcnden \u00fcniversite hastanesine ziyaret"},"content":{"rendered":"<p>Afyonkarahisar \u0130l Sa\u011fl\u0131k M\u00fcd\u00fcr\u00fc Dr. Hakk\u0131 \u00d6zt\u00fcrk, Kamu Hastaneleri Hizmetleri Ba\u015fkan\u0131 Opr. Dr. Ahmet Murat Koyuncu ile birlikte Afyonkarahisar Sa\u011fl\u0131k Bilimleri \u00dcniversitesi (AFS\u00dc) T\u0131p Fak\u00fcltesi Hastanesini ziyaret etti.<br \/>\n<br \/>Ziyarette, AFS\u00dc T\u0131p Fak\u00fcltesi Hastanesi Ba\u015fhekimi Prof. Dr. Ahmet Ali Tuncer ve hastane y\u00f6neticileriyle bir araya gelen heyet, hastanenin \u00e7e\u015fitli birimlerinde incelemelerde bulundu. Ger\u00e7ekle\u015ftirilen g\u00f6r\u00fc\u015fmelerde, Afyonkarahisar\u2019da sunulan sa\u011fl\u0131k hizmetlerinin kalitesini art\u0131rmak amac\u0131yla \u0130l Sa\u011fl\u0131k M\u00fcd\u00fcrl\u00fc\u011f\u00fc ile AFS\u00dc aras\u0131nda hayata ge\u00e7irilebilecek ortak projeler ve i\u015f birli\u011fi alanlar\u0131 ele al\u0131nd\u0131. Ayr\u0131ca sa\u011fl\u0131k hizmetlerinde etkinlik ve verimlili\u011fi art\u0131rmaya y\u00f6nelik fikir al\u0131\u015fveri\u015finde bulunuldu.<br \/><\/p>\n","protected":false},"excerpt":{"rendered":"<p>Afyonkarahisar \u0130l Sa\u011fl\u0131k M\u00fcd\u00fcr\u00fc Dr. Hakk\u0131 \u00d6zt\u00fcrk, Kamu Hastaneleri Hizmetleri Ba\u015fkan\u0131 Opr. Dr. Ahmet Murat Koyuncu ile birlikte Afyonkarahisar Sa\u011fl\u0131k Bilimleri \u00dcniversitesi (AFS\u00dc) T\u0131p Fak\u00fcltesi Hastanesini ziyaret etti. Ziyarette, AFS\u00dc T\u0131p Fak\u00fcltesi Hastanesi Ba\u015fhekimi Prof. Dr. Ahmet Ali Tuncer ve hastane y\u00f6neticileriyle bir araya gelen heyet, hastanenin \u00e7e\u015fitli birimlerinde incelemelerde bulundu. Ger\u00e7ekle\u015ftirilen g\u00f6r\u00fc\u015fmelerde, Afyonkarahisar\u2019da sunulan&#8230;<\/p>\n","protected":false},"author":1,"featured_media":43061,"comment_status":"open","ping_status":"open","sticky":false,"template":"","format":"standard","meta":{"_crdt_document":"","footnotes":""},"categories":[2],"tags":[],"class_list":["post-43060","post","type-post","status-publish","format-standard","has-post-thumbnail","hentry","category-saglik"],"_links":{"self":[{"href":"https:\/\/www.egemtv.com\/index.php?rest_route=\/wp\/v2\/posts\/43060","targetHints":{"allow":["GET"]}}],"collection":[{"href":"https:\/\/www.egemtv.com\/index.php?rest_route=\/wp\/v2\/posts"}],"about":[{"href":"https:\/\/www.egemtv.com\/index.php?rest_route=\/wp\/v2\/types\/post"}],"author":[{"embeddable":true,"href":"https:\/\/www.egemtv.com\/index.php?rest_route=\/wp\/v2\/users\/1"}],"replies":[{"embeddable":true,"href":"https:\/\/www.egemtv.com\/index.php?rest_route=%2Fwp%2Fv2%2Fcomments&post=43060"}],"version-history":[{"count":1,"href":"https:\/\/www.egemtv.com\/index.php?rest_route=\/wp\/v2\/posts\/43060\/revisions"}],"predecessor-version":[{"id":43062,"href":"https:\/\/www.egemtv.com\/index.php?rest_route=\/wp\/v2\/posts\/43060\/revisions\/43062"}],"wp:featuredmedia":[{"embeddable":true,"href":"https:\/\/www.egemtv.com\/index.php?rest_route=\/wp\/v2\/media\/43061"}],"wp:attachment":[{"href":"https:\/\/www.egemtv.com\/index.php?rest_route=%2Fwp%2Fv2%2Fmedia&parent=43060"}],"wp:term":[{"taxonomy":"category","embeddable":true,"href":"https:\/\/www.egemtv.com\/index.php?rest_route=%2Fwp%2Fv2%2Fcategories&post=43060"},{"taxonomy":"post_tag","embeddable":true,"href":"https:\/\/www.egemtv.com\/index.php?rest_route=%2Fwp%2Fv2%2Ftags&post=43060"}],"curies":[{"name":"wp","href":"https:\/\/api.w.org\/{rel}","templated":true}]}}