{"id":43057,"date":"2025-07-19T09:56:05","date_gmt":"2025-07-19T06:56:05","guid":{"rendered":"https:\/\/www.egemtv.com\/?p=43057"},"modified":"2025-07-19T09:56:08","modified_gmt":"2025-07-19T06:56:08","slug":"ezani-guzel-okuma-yarismasinin-bolge-finali-yapildi","status":"publish","type":"post","link":"https:\/\/www.egemtv.com\/?p=43057","title":{"rendered":"Ezan\u0131 G\u00fczel Okuma Yar\u0131\u015fmas\u0131\u2019n\u0131n b\u00f6lge finali yap\u0131ld\u0131"},"content":{"rendered":"<p>Diyanet \u0130\u015fleri Ba\u015fkanl\u0131\u011f\u0131nca 2025 y\u0131l\u0131 Camiler ve Din G\u00f6revlileri Haftas\u0131 etkinlikleri kapsam\u0131nda d\u00fczenlenen &#8220;Ezan\u0131 G\u00fczel Okuma Yar\u0131\u015fmas\u0131&#8221;n\u0131n b\u00f6lge finali, Afyonkarahisar\u2019da ger\u00e7ekle\u015ftirildi.<br \/>\n<br \/>Afyonkarahisar \u0130l M\u00fcft\u00fcl\u00fc\u011f\u00fcn\u00fcn ev sahipli\u011finde Pa\u015fa Camii\u2019nde d\u00fczenlenen yar\u0131\u015fman\u0131n komisyon ba\u015fkanl\u0131\u011f\u0131n\u0131, Antalya Hac\u0131 Mehmet Gebizli Dini \u0130htisas Merkezi E\u011fitim G\u00f6revlisi Hasan K\u00f6yl\u00fc \u00fcstlendi. \u0130l M\u00fcft\u00fcs\u00fc L\u00fctf\u00fc \u0130mamo\u011flu\u2019nun a\u00e7\u0131l\u0131\u015f konu\u015fmas\u0131yla ba\u015flayan 20. Ezan\u0131 G\u00fczel Okuma Yar\u0131\u015fmas\u0131\u2019na, \u0130zmir, Antalya, Ayd\u0131n, Denizli, Mu\u011fla, U\u015fak, Manisa, Isparta ve Burdur\u2019da ki yar\u0131\u015fmalar\u0131n birincileri kat\u0131ld\u0131. Yar\u0131\u015fma sonunda \u0130l M\u00fcft\u00fcs\u00fc L\u00fctf\u00fc \u0130mamo\u011flu, t\u00fcm kat\u0131l\u0131mc\u0131 din g\u00f6revlilerini tebrik ederek hediyelerini takdim etti. B\u00f6lge birincisi olan Afyonkarahisar Merkez Mevlevi Camii g\u00f6revlisi Mehmet Bal, T\u00fcrkiye finalinde Afyonkarahisar ve b\u00f6lgeyi temsil etme hakk\u0131 kazand\u0131.<br \/><\/p>\n","protected":false},"excerpt":{"rendered":"<p>Diyanet \u0130\u015fleri Ba\u015fkanl\u0131\u011f\u0131nca 2025 y\u0131l\u0131 Camiler ve Din G\u00f6revlileri Haftas\u0131 etkinlikleri kapsam\u0131nda d\u00fczenlenen &#8220;Ezan\u0131 G\u00fczel Okuma Yar\u0131\u015fmas\u0131&#8221;n\u0131n b\u00f6lge finali, Afyonkarahisar\u2019da ger\u00e7ekle\u015ftirildi. Afyonkarahisar \u0130l M\u00fcft\u00fcl\u00fc\u011f\u00fcn\u00fcn ev sahipli\u011finde Pa\u015fa Camii\u2019nde d\u00fczenlenen yar\u0131\u015fman\u0131n komisyon ba\u015fkanl\u0131\u011f\u0131n\u0131, Antalya Hac\u0131 Mehmet Gebizli Dini \u0130htisas Merkezi E\u011fitim G\u00f6revlisi Hasan K\u00f6yl\u00fc \u00fcstlendi. \u0130l M\u00fcft\u00fcs\u00fc L\u00fctf\u00fc \u0130mamo\u011flu\u2019nun a\u00e7\u0131l\u0131\u015f konu\u015fmas\u0131yla ba\u015flayan 20. Ezan\u0131 G\u00fczel Okuma&#8230;<\/p>\n","protected":false},"author":1,"featured_media":43058,"comment_status":"open","ping_status":"open","sticky":false,"template":"","format":"standard","meta":{"_crdt_document":"","footnotes":""},"categories":[1],"tags":[],"class_list":["post-43057","post","type-post","status-publish","format-standard","has-post-thumbnail","hentry","category-guncel"],"_links":{"self":[{"href":"https:\/\/www.egemtv.com\/index.php?rest_route=\/wp\/v2\/posts\/43057","targetHints":{"allow":["GET"]}}],"collection":[{"href":"https:\/\/www.egemtv.com\/index.php?rest_route=\/wp\/v2\/posts"}],"about":[{"href":"https:\/\/www.egemtv.com\/index.php?rest_route=\/wp\/v2\/types\/post"}],"author":[{"embeddable":true,"href":"https:\/\/www.egemtv.com\/index.php?rest_route=\/wp\/v2\/users\/1"}],"replies":[{"embeddable":true,"href":"https:\/\/www.egemtv.com\/index.php?rest_route=%2Fwp%2Fv2%2Fcomments&post=43057"}],"version-history":[{"count":1,"href":"https:\/\/www.egemtv.com\/index.php?rest_route=\/wp\/v2\/posts\/43057\/revisions"}],"predecessor-version":[{"id":43059,"href":"https:\/\/www.egemtv.com\/index.php?rest_route=\/wp\/v2\/posts\/43057\/revisions\/43059"}],"wp:featuredmedia":[{"embeddable":true,"href":"https:\/\/www.egemtv.com\/index.php?rest_route=\/wp\/v2\/media\/43058"}],"wp:attachment":[{"href":"https:\/\/www.egemtv.com\/index.php?rest_route=%2Fwp%2Fv2%2Fmedia&parent=43057"}],"wp:term":[{"taxonomy":"category","embeddable":true,"href":"https:\/\/www.egemtv.com\/index.php?rest_route=%2Fwp%2Fv2%2Fcategories&post=43057"},{"taxonomy":"post_tag","embeddable":true,"href":"https:\/\/www.egemtv.com\/index.php?rest_route=%2Fwp%2Fv2%2Ftags&post=43057"}],"curies":[{"name":"wp","href":"https:\/\/api.w.org\/{rel}","templated":true}]}}