{"id":43054,"date":"2025-07-19T09:35:58","date_gmt":"2025-07-19T06:35:58","guid":{"rendered":"https:\/\/www.egemtv.com\/?p=43054"},"modified":"2025-07-19T09:36:01","modified_gmt":"2025-07-19T06:36:01","slug":"afyonkarahisar-valiliginden-sicak-hava-uyarisi","status":"publish","type":"post","link":"https:\/\/www.egemtv.com\/?p=43054","title":{"rendered":"Afyonkarahisar Valili\u011fi\u2019nden s\u0131cak hava uyar\u0131s\u0131"},"content":{"rendered":"<p>Afyonkarahisar Valili\u011fi, bug\u00fcn etkili olmas\u0131 beklenen s\u0131cak hava dalgas\u0131na kar\u015f\u0131 vatanda\u015flar\u0131 uyard\u0131.<br \/>\n<br \/>Valilikten yap\u0131lan a\u00e7\u0131klamada, hava s\u0131cakl\u0131klar\u0131n\u0131n artaca\u011f\u0131 ve kentte s\u0131cakl\u0131klar\u0131n 37 dereceye kadar y\u00fckselece\u011fi belirtildi. \u00d6zellikle kronik rahats\u0131zl\u0131\u011f\u0131 olan vatanda\u015flar, ya\u015fl\u0131lar ve \u00e7ocuklar\u0131n 11.00 ile 16.00 saatleri aras\u0131nda a\u00e7\u0131k alanlarda bulunmamalar\u0131 istendi. A\u00e7\u0131klamada, &#8220;Vatanda\u015flar\u0131m\u0131z\u0131n bol su t\u00fcketmeleri, g\u00fcne\u015f \u0131\u015f\u0131nlar\u0131ndan korunmalar\u0131 ve gerekli tedbirleri almalar\u0131 sa\u011fl\u0131k a\u00e7\u0131s\u0131ndan b\u00fcy\u00fck \u00f6nem ta\u015f\u0131maktad\u0131r&#8221; denildi.<br \/><\/p>\n","protected":false},"excerpt":{"rendered":"<p>Afyonkarahisar Valili\u011fi, bug\u00fcn etkili olmas\u0131 beklenen s\u0131cak hava dalgas\u0131na kar\u015f\u0131 vatanda\u015flar\u0131 uyard\u0131. Valilikten yap\u0131lan a\u00e7\u0131klamada, hava s\u0131cakl\u0131klar\u0131n\u0131n artaca\u011f\u0131 ve kentte s\u0131cakl\u0131klar\u0131n 37 dereceye kadar y\u00fckselece\u011fi belirtildi. \u00d6zellikle kronik rahats\u0131zl\u0131\u011f\u0131 olan vatanda\u015flar, ya\u015fl\u0131lar ve \u00e7ocuklar\u0131n 11.00 ile 16.00 saatleri aras\u0131nda a\u00e7\u0131k alanlarda bulunmamalar\u0131 istendi. A\u00e7\u0131klamada, &#8220;Vatanda\u015flar\u0131m\u0131z\u0131n bol su t\u00fcketmeleri, g\u00fcne\u015f \u0131\u015f\u0131nlar\u0131ndan korunmalar\u0131 ve gerekli tedbirleri almalar\u0131&#8230;<\/p>\n","protected":false},"author":1,"featured_media":43055,"comment_status":"open","ping_status":"open","sticky":false,"template":"","format":"standard","meta":{"_crdt_document":"","footnotes":""},"categories":[1],"tags":[],"class_list":["post-43054","post","type-post","status-publish","format-standard","has-post-thumbnail","hentry","category-guncel"],"_links":{"self":[{"href":"https:\/\/www.egemtv.com\/index.php?rest_route=\/wp\/v2\/posts\/43054","targetHints":{"allow":["GET"]}}],"collection":[{"href":"https:\/\/www.egemtv.com\/index.php?rest_route=\/wp\/v2\/posts"}],"about":[{"href":"https:\/\/www.egemtv.com\/index.php?rest_route=\/wp\/v2\/types\/post"}],"author":[{"embeddable":true,"href":"https:\/\/www.egemtv.com\/index.php?rest_route=\/wp\/v2\/users\/1"}],"replies":[{"embeddable":true,"href":"https:\/\/www.egemtv.com\/index.php?rest_route=%2Fwp%2Fv2%2Fcomments&post=43054"}],"version-history":[{"count":1,"href":"https:\/\/www.egemtv.com\/index.php?rest_route=\/wp\/v2\/posts\/43054\/revisions"}],"predecessor-version":[{"id":43056,"href":"https:\/\/www.egemtv.com\/index.php?rest_route=\/wp\/v2\/posts\/43054\/revisions\/43056"}],"wp:featuredmedia":[{"embeddable":true,"href":"https:\/\/www.egemtv.com\/index.php?rest_route=\/wp\/v2\/media\/43055"}],"wp:attachment":[{"href":"https:\/\/www.egemtv.com\/index.php?rest_route=%2Fwp%2Fv2%2Fmedia&parent=43054"}],"wp:term":[{"taxonomy":"category","embeddable":true,"href":"https:\/\/www.egemtv.com\/index.php?rest_route=%2Fwp%2Fv2%2Fcategories&post=43054"},{"taxonomy":"post_tag","embeddable":true,"href":"https:\/\/www.egemtv.com\/index.php?rest_route=%2Fwp%2Fv2%2Ftags&post=43054"}],"curies":[{"name":"wp","href":"https:\/\/api.w.org\/{rel}","templated":true}]}}