{"id":43051,"date":"2025-07-19T09:35:55","date_gmt":"2025-07-19T06:35:55","guid":{"rendered":"https:\/\/www.egemtv.com\/?p=43051"},"modified":"2025-07-19T09:35:58","modified_gmt":"2025-07-19T06:35:58","slug":"sahipsiz-hayvanlar-icin-koordinasyon-toplantisi-yapildi","status":"publish","type":"post","link":"https:\/\/www.egemtv.com\/?p=43051","title":{"rendered":"Sahipsiz hayvanlar i\u00e7in koordinasyon toplant\u0131s\u0131 yap\u0131ld\u0131"},"content":{"rendered":"<p>Afyonkarahisar Valili\u011fi sahipsiz hayvanlar\u0131n korunmas\u0131, rehabilitasyonu ve kurumlar aras\u0131 i\u015f birli\u011finin g\u00fc\u00e7lendirilmesi amac\u0131yla bir toplant\u0131 d\u00fczenlendi.<br \/>\n<br \/>Vali Yard\u0131mc\u0131s\u0131 Murat B\u00fcy\u00fckk\u00f6se ba\u015fkanl\u0131\u011f\u0131nda ger\u00e7ekle\u015ftirilen toplant\u0131ya, Vali Yard\u0131mc\u0131s\u0131 Vekili Ali Ar\u0131kan, il\u00e7e kaymakamlar\u0131, belediye ba\u015fkanlar\u0131 ve ilgili kurum amirleri kat\u0131ld\u0131. Toplant\u0131da, sahipsiz hayvanlara y\u00f6nelik s\u00fcrd\u00fcr\u00fclen \u00e7al\u0131\u015fmalar de\u011ferlendirildi; kar\u015f\u0131la\u015f\u0131lan sorunlar, \u00e7\u00f6z\u00fcm \u00f6nerileri ve kurumlar aras\u0131 koordinasyonun art\u0131r\u0131lmas\u0131na y\u00f6nelik at\u0131labilecek ad\u0131mlar ele al\u0131nd\u0131. Yetkililer, hayvan refah\u0131n\u0131n sa\u011flanmas\u0131 konusunda i\u015f birli\u011finin \u00f6nemine dikkat \u00e7ekti.<br \/><\/p>\n","protected":false},"excerpt":{"rendered":"<p>Afyonkarahisar Valili\u011fi sahipsiz hayvanlar\u0131n korunmas\u0131, rehabilitasyonu ve kurumlar aras\u0131 i\u015f birli\u011finin g\u00fc\u00e7lendirilmesi amac\u0131yla bir toplant\u0131 d\u00fczenlendi. Vali Yard\u0131mc\u0131s\u0131 Murat B\u00fcy\u00fckk\u00f6se ba\u015fkanl\u0131\u011f\u0131nda ger\u00e7ekle\u015ftirilen toplant\u0131ya, Vali Yard\u0131mc\u0131s\u0131 Vekili Ali Ar\u0131kan, il\u00e7e kaymakamlar\u0131, belediye ba\u015fkanlar\u0131 ve ilgili kurum amirleri kat\u0131ld\u0131. Toplant\u0131da, sahipsiz hayvanlara y\u00f6nelik s\u00fcrd\u00fcr\u00fclen \u00e7al\u0131\u015fmalar de\u011ferlendirildi; kar\u015f\u0131la\u015f\u0131lan sorunlar, \u00e7\u00f6z\u00fcm \u00f6nerileri ve kurumlar aras\u0131 koordinasyonun art\u0131r\u0131lmas\u0131na y\u00f6nelik at\u0131labilecek&#8230;<\/p>\n","protected":false},"author":1,"featured_media":43052,"comment_status":"open","ping_status":"open","sticky":false,"template":"","format":"standard","meta":{"_crdt_document":"","footnotes":""},"categories":[1],"tags":[],"class_list":["post-43051","post","type-post","status-publish","format-standard","has-post-thumbnail","hentry","category-guncel"],"_links":{"self":[{"href":"https:\/\/www.egemtv.com\/index.php?rest_route=\/wp\/v2\/posts\/43051","targetHints":{"allow":["GET"]}}],"collection":[{"href":"https:\/\/www.egemtv.com\/index.php?rest_route=\/wp\/v2\/posts"}],"about":[{"href":"https:\/\/www.egemtv.com\/index.php?rest_route=\/wp\/v2\/types\/post"}],"author":[{"embeddable":true,"href":"https:\/\/www.egemtv.com\/index.php?rest_route=\/wp\/v2\/users\/1"}],"replies":[{"embeddable":true,"href":"https:\/\/www.egemtv.com\/index.php?rest_route=%2Fwp%2Fv2%2Fcomments&post=43051"}],"version-history":[{"count":1,"href":"https:\/\/www.egemtv.com\/index.php?rest_route=\/wp\/v2\/posts\/43051\/revisions"}],"predecessor-version":[{"id":43053,"href":"https:\/\/www.egemtv.com\/index.php?rest_route=\/wp\/v2\/posts\/43051\/revisions\/43053"}],"wp:featuredmedia":[{"embeddable":true,"href":"https:\/\/www.egemtv.com\/index.php?rest_route=\/wp\/v2\/media\/43052"}],"wp:attachment":[{"href":"https:\/\/www.egemtv.com\/index.php?rest_route=%2Fwp%2Fv2%2Fmedia&parent=43051"}],"wp:term":[{"taxonomy":"category","embeddable":true,"href":"https:\/\/www.egemtv.com\/index.php?rest_route=%2Fwp%2Fv2%2Fcategories&post=43051"},{"taxonomy":"post_tag","embeddable":true,"href":"https:\/\/www.egemtv.com\/index.php?rest_route=%2Fwp%2Fv2%2Ftags&post=43051"}],"curies":[{"name":"wp","href":"https:\/\/api.w.org\/{rel}","templated":true}]}}