{"id":43048,"date":"2025-07-19T09:35:52","date_gmt":"2025-07-19T06:35:52","guid":{"rendered":"https:\/\/www.egemtv.com\/?p=43048"},"modified":"2025-07-19T09:35:55","modified_gmt":"2025-07-19T06:35:55","slug":"il-koordinasyon-kurulu-toplandi","status":"publish","type":"post","link":"https:\/\/www.egemtv.com\/?p=43048","title":{"rendered":"\u0130l koordinasyon kurulu topland\u0131"},"content":{"rendered":"<p>Afyonkarahisar\u2019da y\u00fcr\u00fct\u00fclen kamu yat\u0131r\u0131mlar\u0131 ile devam eden projelerin etkin ve uyumlu \u015fekilde s\u00fcrd\u00fcr\u00fclmesini sa\u011flamak amac\u0131yla \u0130l Koordinasyon Kurulu Toplant\u0131s\u0131 ger\u00e7ekle\u015ftirildi.<br \/>\n<br \/>Vali Yard\u0131mc\u0131s\u0131 \u0130hsan Ayranc\u0131 ba\u015fkanl\u0131\u011f\u0131nda d\u00fczenlenen toplant\u0131ya il genelindeki kamu kurum ve kurulu\u015flar\u0131n\u0131n temsilcileri kat\u0131ld\u0131. Kurumlar aras\u0131 i\u015f birli\u011fini art\u0131rmak ve yat\u0131r\u0131mlarda kar\u015f\u0131la\u015f\u0131lan sorunlara \u00e7\u00f6z\u00fcm \u00fcretmek amac\u0131 ta\u015f\u0131yan toplant\u0131da, devam eden projelerin son durumu de\u011ferlendirildi. Toplant\u0131da ayr\u0131ca \u00f6n\u00fcm\u00fczdeki d\u00f6nem planlanan \u00e7al\u0131\u015fmalarla ilgili kar\u015f\u0131l\u0131kl\u0131 g\u00f6r\u00fc\u015f al\u0131\u015fveri\u015finde bulunuldu.<br \/><\/p>\n","protected":false},"excerpt":{"rendered":"<p>Afyonkarahisar\u2019da y\u00fcr\u00fct\u00fclen kamu yat\u0131r\u0131mlar\u0131 ile devam eden projelerin etkin ve uyumlu \u015fekilde s\u00fcrd\u00fcr\u00fclmesini sa\u011flamak amac\u0131yla \u0130l Koordinasyon Kurulu Toplant\u0131s\u0131 ger\u00e7ekle\u015ftirildi. Vali Yard\u0131mc\u0131s\u0131 \u0130hsan Ayranc\u0131 ba\u015fkanl\u0131\u011f\u0131nda d\u00fczenlenen toplant\u0131ya il genelindeki kamu kurum ve kurulu\u015flar\u0131n\u0131n temsilcileri kat\u0131ld\u0131. Kurumlar aras\u0131 i\u015f birli\u011fini art\u0131rmak ve yat\u0131r\u0131mlarda kar\u015f\u0131la\u015f\u0131lan sorunlara \u00e7\u00f6z\u00fcm \u00fcretmek amac\u0131 ta\u015f\u0131yan toplant\u0131da, devam eden projelerin son durumu de\u011ferlendirildi&#8230;.<\/p>\n","protected":false},"author":1,"featured_media":43049,"comment_status":"open","ping_status":"open","sticky":false,"template":"","format":"standard","meta":{"_crdt_document":"","footnotes":""},"categories":[1],"tags":[],"class_list":["post-43048","post","type-post","status-publish","format-standard","has-post-thumbnail","hentry","category-guncel"],"_links":{"self":[{"href":"https:\/\/www.egemtv.com\/index.php?rest_route=\/wp\/v2\/posts\/43048","targetHints":{"allow":["GET"]}}],"collection":[{"href":"https:\/\/www.egemtv.com\/index.php?rest_route=\/wp\/v2\/posts"}],"about":[{"href":"https:\/\/www.egemtv.com\/index.php?rest_route=\/wp\/v2\/types\/post"}],"author":[{"embeddable":true,"href":"https:\/\/www.egemtv.com\/index.php?rest_route=\/wp\/v2\/users\/1"}],"replies":[{"embeddable":true,"href":"https:\/\/www.egemtv.com\/index.php?rest_route=%2Fwp%2Fv2%2Fcomments&post=43048"}],"version-history":[{"count":1,"href":"https:\/\/www.egemtv.com\/index.php?rest_route=\/wp\/v2\/posts\/43048\/revisions"}],"predecessor-version":[{"id":43050,"href":"https:\/\/www.egemtv.com\/index.php?rest_route=\/wp\/v2\/posts\/43048\/revisions\/43050"}],"wp:featuredmedia":[{"embeddable":true,"href":"https:\/\/www.egemtv.com\/index.php?rest_route=\/wp\/v2\/media\/43049"}],"wp:attachment":[{"href":"https:\/\/www.egemtv.com\/index.php?rest_route=%2Fwp%2Fv2%2Fmedia&parent=43048"}],"wp:term":[{"taxonomy":"category","embeddable":true,"href":"https:\/\/www.egemtv.com\/index.php?rest_route=%2Fwp%2Fv2%2Fcategories&post=43048"},{"taxonomy":"post_tag","embeddable":true,"href":"https:\/\/www.egemtv.com\/index.php?rest_route=%2Fwp%2Fv2%2Ftags&post=43048"}],"curies":[{"name":"wp","href":"https:\/\/api.w.org\/{rel}","templated":true}]}}