{"id":43045,"date":"2025-07-19T09:35:50","date_gmt":"2025-07-19T06:35:50","guid":{"rendered":"https:\/\/www.egemtv.com\/?p=43045"},"modified":"2025-07-19T09:35:52","modified_gmt":"2025-07-19T06:35:52","slug":"mudur-ozcan-il-birincilerini-agirladi","status":"publish","type":"post","link":"https:\/\/www.egemtv.com\/?p=43045","title":{"rendered":"M\u00fcd\u00fcr \u00d6zcan, il birincilerini a\u011f\u0131rlad\u0131"},"content":{"rendered":"<p>Efeler \u0130l\u00e7e Milli E\u011fitim M\u00fcd\u00fcr\u00fc Hakan \u00d6zcan, 2025 y\u0131l\u0131 Liselere Ge\u00e7i\u015f S\u0131nav\u0131\u2019nda (LGS) 500 tam puan alarak T\u00fcrkiye birincisi olan \u00f6\u011frencileri makam\u0131nda a\u011f\u0131rlad\u0131.<br \/>\n<br \/>Bu y\u0131l ger\u00e7ekle\u015ftirilen Liselere Ge\u00e7i\u015f S\u0131nav\u0131 (LGS) sonras\u0131nda \u00f6\u011frencilerin tercih tela\u015f\u0131 devam ederken, Efeler \u0130l\u00e7e Mili E\u011fitim M\u00fcd\u00fcr\u00fc Hakan \u00d6zcan, bu y\u0131l LGS\u2019de tam puan alarak birinci olan \u00f6\u011frencileri makam\u0131nda a\u011f\u0131rlad\u0131. Samimi bir ortamda ge\u00e7en ziyarette \u00f6\u011frencileri tebrik eden M\u00fcd\u00fcr \u00d6zcan, ba\u015far\u0131lar\u0131n\u0131n devam\u0131n\u0131 diledi. Ziyaret ile ilgili Efeler \u0130l\u00e7e Milli E\u011fitim M\u00fcd\u00fcrl\u00fc\u011f\u00fc\u2019nden yap\u0131lan a\u00e7\u0131klamada &#8220;Liselere Ge\u00e7i\u015f S\u0131nav\u0131 (LGS) 2025\u2019te tam 500 puan alarak T\u00fcrkiye birincisi olan gururumuz \u00f6\u011frencilerimiz, elde ettikleri bu \u00fcst\u00fcn ba\u015far\u0131y\u0131 payla\u015fmak \u00fczere \u0130l\u00e7e Milli E\u011fitim M\u00fcd\u00fcr\u00fc Hakan \u00d6zcan makam\u0131nda ziyaret etti. Ziyarete, ba\u015far\u0131l\u0131 \u00f6\u011frencilerin yan\u0131 s\u0131ra okul m\u00fcd\u00fcrleri ve \u00f6\u011frenci velileri de kat\u0131ld\u0131. Samimi bir ortamda ger\u00e7ekle\u015fen g\u00f6r\u00fc\u015fmede, \u0130l\u00e7e Milli E\u011fitim M\u00fcd\u00fcr\u00fc Hakan \u00d6zcan, \u00f6\u011frencileri tek tek tebrik ederek ba\u015far\u0131lar\u0131n\u0131n \u00f6nemine vurgu yapt\u0131. \u00d6\u011frencilerin gelecekteki e\u011fitim hayatlar\u0131na dair hedefleri konu\u015fulurken, veliler ve okul m\u00fcd\u00fcrleri de bu s\u00fcre\u00e7teki desteklerinden ve emeklerinden bahsetti. M\u00fcd\u00fcr \u00d6zcan, \u00f6\u011frencilere \u00e7e\u015fitli hediyeler takdim ederek, onlara yeni e\u011fitim yolculuklar\u0131nda ba\u015far\u0131lar diledi&#8221; ifadeleri yer ald\u0131.<br \/><\/p>\n","protected":false},"excerpt":{"rendered":"<p>Efeler \u0130l\u00e7e Milli E\u011fitim M\u00fcd\u00fcr\u00fc Hakan \u00d6zcan, 2025 y\u0131l\u0131 Liselere Ge\u00e7i\u015f S\u0131nav\u0131\u2019nda (LGS) 500 tam puan alarak T\u00fcrkiye birincisi olan \u00f6\u011frencileri makam\u0131nda a\u011f\u0131rlad\u0131. Bu y\u0131l ger\u00e7ekle\u015ftirilen Liselere Ge\u00e7i\u015f S\u0131nav\u0131 (LGS) sonras\u0131nda \u00f6\u011frencilerin tercih tela\u015f\u0131 devam ederken, Efeler \u0130l\u00e7e Mili E\u011fitim M\u00fcd\u00fcr\u00fc Hakan \u00d6zcan, bu y\u0131l LGS\u2019de tam puan alarak birinci olan \u00f6\u011frencileri makam\u0131nda a\u011f\u0131rlad\u0131. Samimi&#8230;<\/p>\n","protected":false},"author":1,"featured_media":43046,"comment_status":"open","ping_status":"open","sticky":false,"template":"","format":"standard","meta":{"_crdt_document":"","footnotes":""},"categories":[1],"tags":[],"class_list":["post-43045","post","type-post","status-publish","format-standard","has-post-thumbnail","hentry","category-guncel"],"_links":{"self":[{"href":"https:\/\/www.egemtv.com\/index.php?rest_route=\/wp\/v2\/posts\/43045","targetHints":{"allow":["GET"]}}],"collection":[{"href":"https:\/\/www.egemtv.com\/index.php?rest_route=\/wp\/v2\/posts"}],"about":[{"href":"https:\/\/www.egemtv.com\/index.php?rest_route=\/wp\/v2\/types\/post"}],"author":[{"embeddable":true,"href":"https:\/\/www.egemtv.com\/index.php?rest_route=\/wp\/v2\/users\/1"}],"replies":[{"embeddable":true,"href":"https:\/\/www.egemtv.com\/index.php?rest_route=%2Fwp%2Fv2%2Fcomments&post=43045"}],"version-history":[{"count":1,"href":"https:\/\/www.egemtv.com\/index.php?rest_route=\/wp\/v2\/posts\/43045\/revisions"}],"predecessor-version":[{"id":43047,"href":"https:\/\/www.egemtv.com\/index.php?rest_route=\/wp\/v2\/posts\/43045\/revisions\/43047"}],"wp:featuredmedia":[{"embeddable":true,"href":"https:\/\/www.egemtv.com\/index.php?rest_route=\/wp\/v2\/media\/43046"}],"wp:attachment":[{"href":"https:\/\/www.egemtv.com\/index.php?rest_route=%2Fwp%2Fv2%2Fmedia&parent=43045"}],"wp:term":[{"taxonomy":"category","embeddable":true,"href":"https:\/\/www.egemtv.com\/index.php?rest_route=%2Fwp%2Fv2%2Fcategories&post=43045"},{"taxonomy":"post_tag","embeddable":true,"href":"https:\/\/www.egemtv.com\/index.php?rest_route=%2Fwp%2Fv2%2Ftags&post=43045"}],"curies":[{"name":"wp","href":"https:\/\/api.w.org\/{rel}","templated":true}]}}