{"id":43042,"date":"2025-07-19T09:15:36","date_gmt":"2025-07-19T06:15:36","guid":{"rendered":"https:\/\/www.egemtv.com\/?p=43042"},"modified":"2025-07-19T09:15:39","modified_gmt":"2025-07-19T06:15:39","slug":"asagikocaklar-mahallesinde-muharrem-ayi-ikrami","status":"publish","type":"post","link":"https:\/\/www.egemtv.com\/?p=43042","title":{"rendered":"A\u015fa\u011f\u0131ko\u00e7aklar Mahallesi\u2019nde muharrem ay\u0131 ikram\u0131"},"content":{"rendered":"<p>Manisa\u2019n\u0131n Sar\u0131g\u00f6l il\u00e7esine ba\u011fl\u0131 A\u015fa\u011f\u0131ko\u00e7aklar Mahallesi\u2019nde geleneksel hale gelen Muharrem ay\u0131 etkinli\u011finde, mahalle muhtar\u0131 ve hay\u0131rsever vatanda\u015flar\u0131n katk\u0131lar\u0131yla yakla\u015f\u0131k iki bin ki\u015fiye tavuklu pilav ve a\u015fure ikram edildi.<br \/>\n<br \/>A\u015fa\u011f\u0131ko\u00e7aklar Mahallesi Camii\u2019nde ikindi namaz\u0131n\u0131n ard\u0131ndan ba\u015flayan ikramlar, ak\u015fam saatlerine kadar devam etti. Mahalle sakinlerinin yo\u011fun ilgi g\u00f6sterdi\u011fi etkinlikte, b\u00fcy\u00fck kazanlarda haz\u0131rlanan yemekler cami bah\u00e7esinde da\u011f\u0131t\u0131ld\u0131.<br \/>\n<br \/>Her y\u0131l ayn\u0131 tarihte bu gelene\u011fi s\u00fcrd\u00fcrd\u00fcklerini belirten A\u015fa\u011f\u0131ko\u00e7aklar Mahallesi Muhtar\u0131 Ercan Akdeniz, &#8220;Bizler mahalleli olarak her y\u0131l Muharrem ay\u0131nda tavuklu pilav ve a\u015fure yaparak t\u00fcm halk\u0131m\u0131zla birlikte t\u00fcketiyoruz. Etkinli\u011fimize sadece mahalle halk\u0131 de\u011fil, \u00e7evre k\u00f6ylerden gelen misafirler de kat\u0131l\u0131yor,&#8221; dedi.<br \/>\n<br \/>Etkinlikte ya\u015fl\u0131 kad\u0131nlar Kur\u2019an-\u0131 Kerim okurken, mahalle halk\u0131 da dualar e\u015fli\u011finde birlik ve beraberlik mesajlar\u0131 verdi. Programa Sar\u0131g\u00f6l Belediye Ba\u015fkan\u0131 Tahsin Akdeniz de kat\u0131larak vatanda\u015flarla bir araya geldi.<br \/><\/p>\n","protected":false},"excerpt":{"rendered":"<p>Manisa\u2019n\u0131n Sar\u0131g\u00f6l il\u00e7esine ba\u011fl\u0131 A\u015fa\u011f\u0131ko\u00e7aklar Mahallesi\u2019nde geleneksel hale gelen Muharrem ay\u0131 etkinli\u011finde, mahalle muhtar\u0131 ve hay\u0131rsever vatanda\u015flar\u0131n katk\u0131lar\u0131yla yakla\u015f\u0131k iki bin ki\u015fiye tavuklu pilav ve a\u015fure ikram edildi. A\u015fa\u011f\u0131ko\u00e7aklar Mahallesi Camii\u2019nde ikindi namaz\u0131n\u0131n ard\u0131ndan ba\u015flayan ikramlar, ak\u015fam saatlerine kadar devam etti. Mahalle sakinlerinin yo\u011fun ilgi g\u00f6sterdi\u011fi etkinlikte, b\u00fcy\u00fck kazanlarda haz\u0131rlanan yemekler cami bah\u00e7esinde da\u011f\u0131t\u0131ld\u0131. Her&#8230;<\/p>\n","protected":false},"author":1,"featured_media":43043,"comment_status":"open","ping_status":"open","sticky":false,"template":"","format":"standard","meta":{"_crdt_document":"","footnotes":""},"categories":[1],"tags":[],"class_list":["post-43042","post","type-post","status-publish","format-standard","has-post-thumbnail","hentry","category-guncel"],"_links":{"self":[{"href":"https:\/\/www.egemtv.com\/index.php?rest_route=\/wp\/v2\/posts\/43042","targetHints":{"allow":["GET"]}}],"collection":[{"href":"https:\/\/www.egemtv.com\/index.php?rest_route=\/wp\/v2\/posts"}],"about":[{"href":"https:\/\/www.egemtv.com\/index.php?rest_route=\/wp\/v2\/types\/post"}],"author":[{"embeddable":true,"href":"https:\/\/www.egemtv.com\/index.php?rest_route=\/wp\/v2\/users\/1"}],"replies":[{"embeddable":true,"href":"https:\/\/www.egemtv.com\/index.php?rest_route=%2Fwp%2Fv2%2Fcomments&post=43042"}],"version-history":[{"count":1,"href":"https:\/\/www.egemtv.com\/index.php?rest_route=\/wp\/v2\/posts\/43042\/revisions"}],"predecessor-version":[{"id":43044,"href":"https:\/\/www.egemtv.com\/index.php?rest_route=\/wp\/v2\/posts\/43042\/revisions\/43044"}],"wp:featuredmedia":[{"embeddable":true,"href":"https:\/\/www.egemtv.com\/index.php?rest_route=\/wp\/v2\/media\/43043"}],"wp:attachment":[{"href":"https:\/\/www.egemtv.com\/index.php?rest_route=%2Fwp%2Fv2%2Fmedia&parent=43042"}],"wp:term":[{"taxonomy":"category","embeddable":true,"href":"https:\/\/www.egemtv.com\/index.php?rest_route=%2Fwp%2Fv2%2Fcategories&post=43042"},{"taxonomy":"post_tag","embeddable":true,"href":"https:\/\/www.egemtv.com\/index.php?rest_route=%2Fwp%2Fv2%2Ftags&post=43042"}],"curies":[{"name":"wp","href":"https:\/\/api.w.org\/{rel}","templated":true}]}}