{"id":43039,"date":"2025-07-19T09:15:34","date_gmt":"2025-07-19T06:15:34","guid":{"rendered":"https:\/\/www.egemtv.com\/?p=43039"},"modified":"2025-07-19T09:15:36","modified_gmt":"2025-07-19T06:15:36","slug":"sarigol-ziraat-odasindan-tarim-iscilerine-yeni-ucret-tarifesi","status":"publish","type":"post","link":"https:\/\/www.egemtv.com\/?p=43039","title":{"rendered":"Sar\u0131g\u00f6l Ziraat Odas\u0131\u2019ndan tar\u0131m i\u015f\u00e7ilerine yeni \u00fccret tarifesi"},"content":{"rendered":"<p>Manisa\u2019n\u0131n Sar\u0131g\u00f6l il\u00e7esinde, 2025 y\u0131l\u0131 \u00fcz\u00fcm sezonu \u00f6ncesi tar\u0131m i\u015f\u00e7ilerinin alaca\u011f\u0131 g\u00fcnl\u00fck \u00fccretler Sar\u0131g\u00f6l Ziraat Odas\u0131\u2019nda yap\u0131lan toplant\u0131yla belirlendi.<br \/>\n<br \/>Ger\u00e7ekle\u015ftirilen toplant\u0131ya \u00fcreticiler, day\u0131ba\u015flar\u0131 ve ilgili kurum temsilcileri kat\u0131ld\u0131.<br \/>\n<br \/>Tar\u0131m \u0130\u015f\u00e7ileri \u0130zleme Kurulu\u2019nun \u00f6nerileri do\u011frultusunda a\u00e7\u0131klanan 2025 y\u0131l\u0131 \u00fccret tarifesi \u015fu \u015fekilde a\u00e7\u0131kland\u0131: &#8220;Kesi: 1000 TL, Kasa: 1100 TL, Se\u00e7ici: 1400 TL, Y\u00fckleme: 1900 TL&#8221;<br \/>\n<br \/>Her i\u015f\u00e7iye ilave olarak g\u00fcnl\u00fck 100 TL day\u0131ba\u015f\u0131 \u00fccreti verilecek. \u00dcz\u00fcm kesimi, se\u00e7imi ve yaprak a\u00e7ma i\u015flemleri ayn\u0131 \u00fccretlendirme kapsam\u0131nda de\u011ferlendirilecek.<br \/>\n<br \/>G\u00fcnl\u00fck mesai s\u00fcresi 8 saat olarak belirlenirken, 1 saatlik dinlenme s\u00fcresi dahil olmak \u00fczere mesainin sabah 06.00\u2019da ba\u015flay\u0131p 14.00\u2019te sona erece\u011fi ifade edildi.<br \/>\n<br \/>Toplant\u0131da al\u0131nan di\u011fer kararlar do\u011frultusunda, arazide eksik \u00e7al\u0131\u015fan i\u015f\u00e7ilerin \u00fccreti day\u0131ba\u015f\u0131 taraf\u0131ndan kar\u015f\u0131lanacak. Her ekipte bir sorumlu i\u015f\u00e7i bulunacak ve saha uygulamalar\u0131ndaki sorumluluk day\u0131ba\u015flar\u0131na ait olacak.<br \/>\n<br \/>Yeni \u00fccret tarifesi 19 Temmuz 2025 tarihinden itibaren ge\u00e7erli olacak. T\u00fcm uygulamalar\u0131n SGK mevzuat\u0131na ve i\u015f sa\u011fl\u0131\u011f\u0131-g\u00fcvenli\u011fi kurallar\u0131na uygun y\u00fcr\u00fct\u00fclmesi gerekti\u011fi vurguland\u0131.<br \/>\n<br \/>Sar\u0131g\u00f6l Ziraat Odas\u0131 Ba\u015fkan\u0131 Ali \u0130hsan \u00dclgen yeni \u00fccretlerin hem \u00fcreticilere hem de i\u015f\u00e7ilere hay\u0131rl\u0131 olmas\u0131n\u0131 temenni etti.<br \/><\/p>\n","protected":false},"excerpt":{"rendered":"<p>Manisa\u2019n\u0131n Sar\u0131g\u00f6l il\u00e7esinde, 2025 y\u0131l\u0131 \u00fcz\u00fcm sezonu \u00f6ncesi tar\u0131m i\u015f\u00e7ilerinin alaca\u011f\u0131 g\u00fcnl\u00fck \u00fccretler Sar\u0131g\u00f6l Ziraat Odas\u0131\u2019nda yap\u0131lan toplant\u0131yla belirlendi. Ger\u00e7ekle\u015ftirilen toplant\u0131ya \u00fcreticiler, day\u0131ba\u015flar\u0131 ve ilgili kurum temsilcileri kat\u0131ld\u0131. Tar\u0131m \u0130\u015f\u00e7ileri \u0130zleme Kurulu\u2019nun \u00f6nerileri do\u011frultusunda a\u00e7\u0131klanan 2025 y\u0131l\u0131 \u00fccret tarifesi \u015fu \u015fekilde a\u00e7\u0131kland\u0131: &#8220;Kesi: 1000 TL, Kasa: 1100 TL, Se\u00e7ici: 1400 TL, Y\u00fckleme: 1900 TL&#8221; Her&#8230;<\/p>\n","protected":false},"author":1,"featured_media":43040,"comment_status":"open","ping_status":"open","sticky":false,"template":"","format":"standard","meta":{"_crdt_document":"","footnotes":""},"categories":[125],"tags":[],"class_list":["post-43039","post","type-post","status-publish","format-standard","has-post-thumbnail","hentry","category-ekonomi"],"_links":{"self":[{"href":"https:\/\/www.egemtv.com\/index.php?rest_route=\/wp\/v2\/posts\/43039","targetHints":{"allow":["GET"]}}],"collection":[{"href":"https:\/\/www.egemtv.com\/index.php?rest_route=\/wp\/v2\/posts"}],"about":[{"href":"https:\/\/www.egemtv.com\/index.php?rest_route=\/wp\/v2\/types\/post"}],"author":[{"embeddable":true,"href":"https:\/\/www.egemtv.com\/index.php?rest_route=\/wp\/v2\/users\/1"}],"replies":[{"embeddable":true,"href":"https:\/\/www.egemtv.com\/index.php?rest_route=%2Fwp%2Fv2%2Fcomments&post=43039"}],"version-history":[{"count":1,"href":"https:\/\/www.egemtv.com\/index.php?rest_route=\/wp\/v2\/posts\/43039\/revisions"}],"predecessor-version":[{"id":43041,"href":"https:\/\/www.egemtv.com\/index.php?rest_route=\/wp\/v2\/posts\/43039\/revisions\/43041"}],"wp:featuredmedia":[{"embeddable":true,"href":"https:\/\/www.egemtv.com\/index.php?rest_route=\/wp\/v2\/media\/43040"}],"wp:attachment":[{"href":"https:\/\/www.egemtv.com\/index.php?rest_route=%2Fwp%2Fv2%2Fmedia&parent=43039"}],"wp:term":[{"taxonomy":"category","embeddable":true,"href":"https:\/\/www.egemtv.com\/index.php?rest_route=%2Fwp%2Fv2%2Fcategories&post=43039"},{"taxonomy":"post_tag","embeddable":true,"href":"https:\/\/www.egemtv.com\/index.php?rest_route=%2Fwp%2Fv2%2Ftags&post=43039"}],"curies":[{"name":"wp","href":"https:\/\/api.w.org\/{rel}","templated":true}]}}