{"id":43036,"date":"2025-07-19T09:15:31","date_gmt":"2025-07-19T06:15:31","guid":{"rendered":"https:\/\/www.egemtv.com\/?p=43036"},"modified":"2025-07-19T09:15:34","modified_gmt":"2025-07-19T06:15:34","slug":"bulvarda-yuzup-sira-disi-bir-tepkiye-imza-atti","status":"publish","type":"post","link":"https:\/\/www.egemtv.com\/?p=43036","title":{"rendered":"Bulvarda y\u00fcz\u00fcp s\u0131ra d\u0131\u015f\u0131 bir tepkiye imza att\u0131"},"content":{"rendered":"<p>Denizli\u2019de 10 dakika devam eden sa\u011fanak ya\u011f\u0131\u015f, cadde ve sokaklarda su bask\u0131nlar\u0131na neden oldu. G\u00f6le d\u00f6nen bulvarda y\u00fczerek s\u0131ra d\u0131\u015f\u0131 bir tepkiye imza atan antren\u00f6r, &#8220;Deli de\u011filim, Denizli\u2019nin \u00e7\u00f6ken alt yap\u0131s\u0131na dikkat \u00e7ekmek i\u00e7in yapt\u0131m&#8221; dedi.<br \/>\n<br \/>Denizli\u2019de f\u0131rt\u0131nayla birlikte etkisini g\u00f6steren sa\u011fanak ya\u011f\u0131\u015f hayat\u0131 olumsuz y\u00f6nde etkiledi. Yakla\u015f\u0131k 10 dakika s\u00fcren \u015fiddetli ya\u011f\u0131\u015f, Pamukkale il\u00e7esine ba\u011fl\u0131 Ba\u011fba\u015f\u0131, Karata\u015f ve Cankurtaran Mahallerinin yan\u0131 s\u0131ra Merkezefendi ile Ac\u0131payam\u2019da ta\u015fk\u0131nlara neden oldu. Ekili arazilere de zarar veren ta\u015fk\u0131nlar nedeniyle \u00f6zellikle Denizli-Antalya karayolunda ula\u015f\u0131mda aksamalar ya\u015fand\u0131. R\u00f6garlar\u0131n yetersiz kalmas\u0131 \u00fczerine g\u00f6le d\u00f6nen ana arterlerde ara\u00e7lar ilerlemekte g\u00fc\u00e7l\u00fck ya\u015fad\u0131.<\/p>\n<p>G\u00f6le d\u00f6nen bulvarda kula\u00e7 att\u0131<br \/>\n<br \/>Alt yap\u0131daki yetersizlik nedeniyle her ya\u011f\u0131\u015fta ayn\u0131 manzarayla kar\u015f\u0131la\u015fan y\u00fczme antren\u00f6r\u00fc Tahsin Okutucu, Merkezefendi il\u00e7esine ba\u011fl\u0131 \u015eemikler Mahallesi Cinkaya Bulvar\u0131nda s\u0131ra d\u0131\u015f\u0131 bir tepkiye imza att\u0131. Soyunarak g\u00f6le d\u00f6nen bulvarda kula\u00e7 atmaya ba\u015flayan Okutucu, y\u0131llard\u0131r \u00e7\u00f6z\u00fclemeyen soruna dikkat \u00e7ekti. Bir ara s\u0131rt \u00fcst\u00fc y\u00fczen Okutucu\u2019nun g\u00fcl\u00fcmsetirken d\u00fc\u015f\u00fcnd\u00fcren tepkisini arkada\u015f\u0131 Sercan Meral cep telefonuyla g\u00f6r\u00fcnt\u00fcledi. Su bask\u0131nlar\u0131na neden olan k\u0131sa s\u00fcreli ya\u011f\u0131\u015f\u0131n ard\u0131ndan, yeniden g\u00fcnl\u00fck g\u00fcne\u015flik bir hava hekim oldu.<\/p>\n<p>&#8220;Deli de\u011filim, alt yap\u0131 sorununa dikkat \u00e7ekmek i\u00e7in yapt\u0131m&#8221;<br \/>\n<br \/>Hemen her ya\u011f\u0131\u015fta alt yap\u0131 sorunu ya\u015fad\u0131klar\u0131n\u0131 ifade eden y\u00fczme antren\u00f6r\u00fc Tahsin Okutucu, s\u0131ra d\u0131\u015f\u0131 eyleminin gerek\u00e7esini \u015fu s\u00f6zlerle anlatt\u0131:<br \/>\n<br \/>&#8220;Asl\u0131nda benim yapt\u0131\u011f\u0131m bir ironidir. Denizli\u2019deki t\u00fcm mahallelerde, sokaklarda ve caddelerde 100 y\u0131ll\u0131k bir altyap\u0131 oldu\u011funu s\u00f6ylediler. Ben s\u0131rf bu y\u00fczden, alt yap sorunlar\u0131n\u0131 farkl\u0131 bir yakla\u015f\u0131mla g\u00f6stermek i\u00e7in bu \u015fekilde suya girerek video \u00e7ektik. Bunu planlamad\u0131k, su bask\u0131nlar\u0131yla birlikte bir anda kendili\u011finden geli\u015fti. Sosyal medyada payla\u015ft\u0131\u011f\u0131m\u0131z videolun alt\u0131na \u2018deli\u2019 diye yorum yapm\u0131\u015flar. Deli de de\u011filim. Kendim y\u00fczme antren\u00f6r\u00fcy\u00fcm, yolun hali a\u00e7\u0131k\u00e7a ortada. Yoldan kar\u015f\u0131dan kar\u015f\u0131ya ge\u00e7meyi b\u0131rak\u0131n, arabalar yolda ilerleyemiyor. Denizli\u2019nin altyap\u0131s\u0131 i\u015fte g\u00f6zler \u00f6n\u00fcnde&#8221;<br \/><\/p>\n","protected":false},"excerpt":{"rendered":"<p>Denizli\u2019de 10 dakika devam eden sa\u011fanak ya\u011f\u0131\u015f, cadde ve sokaklarda su bask\u0131nlar\u0131na neden oldu. G\u00f6le d\u00f6nen bulvarda y\u00fczerek s\u0131ra d\u0131\u015f\u0131 bir tepkiye imza atan antren\u00f6r, &#8220;Deli de\u011filim, Denizli\u2019nin \u00e7\u00f6ken alt yap\u0131s\u0131na dikkat \u00e7ekmek i\u00e7in yapt\u0131m&#8221; dedi. Denizli\u2019de f\u0131rt\u0131nayla birlikte etkisini g\u00f6steren sa\u011fanak ya\u011f\u0131\u015f hayat\u0131 olumsuz y\u00f6nde etkiledi. Yakla\u015f\u0131k 10 dakika s\u00fcren \u015fiddetli ya\u011f\u0131\u015f, Pamukkale il\u00e7esine&#8230;<\/p>\n","protected":false},"author":1,"featured_media":43037,"comment_status":"open","ping_status":"open","sticky":false,"template":"","format":"standard","meta":{"_crdt_document":"","footnotes":""},"categories":[1],"tags":[],"class_list":["post-43036","post","type-post","status-publish","format-standard","has-post-thumbnail","hentry","category-guncel"],"_links":{"self":[{"href":"https:\/\/www.egemtv.com\/index.php?rest_route=\/wp\/v2\/posts\/43036","targetHints":{"allow":["GET"]}}],"collection":[{"href":"https:\/\/www.egemtv.com\/index.php?rest_route=\/wp\/v2\/posts"}],"about":[{"href":"https:\/\/www.egemtv.com\/index.php?rest_route=\/wp\/v2\/types\/post"}],"author":[{"embeddable":true,"href":"https:\/\/www.egemtv.com\/index.php?rest_route=\/wp\/v2\/users\/1"}],"replies":[{"embeddable":true,"href":"https:\/\/www.egemtv.com\/index.php?rest_route=%2Fwp%2Fv2%2Fcomments&post=43036"}],"version-history":[{"count":1,"href":"https:\/\/www.egemtv.com\/index.php?rest_route=\/wp\/v2\/posts\/43036\/revisions"}],"predecessor-version":[{"id":43038,"href":"https:\/\/www.egemtv.com\/index.php?rest_route=\/wp\/v2\/posts\/43036\/revisions\/43038"}],"wp:featuredmedia":[{"embeddable":true,"href":"https:\/\/www.egemtv.com\/index.php?rest_route=\/wp\/v2\/media\/43037"}],"wp:attachment":[{"href":"https:\/\/www.egemtv.com\/index.php?rest_route=%2Fwp%2Fv2%2Fmedia&parent=43036"}],"wp:term":[{"taxonomy":"category","embeddable":true,"href":"https:\/\/www.egemtv.com\/index.php?rest_route=%2Fwp%2Fv2%2Fcategories&post=43036"},{"taxonomy":"post_tag","embeddable":true,"href":"https:\/\/www.egemtv.com\/index.php?rest_route=%2Fwp%2Fv2%2Ftags&post=43036"}],"curies":[{"name":"wp","href":"https:\/\/api.w.org\/{rel}","templated":true}]}}