{"id":43033,"date":"2025-07-19T08:54:54","date_gmt":"2025-07-19T05:54:54","guid":{"rendered":"https:\/\/www.egemtv.com\/?p=43033"},"modified":"2025-07-19T08:54:57","modified_gmt":"2025-07-19T05:54:57","slug":"bereketli-mahallesinde-asure-ve-keskek-hayri","status":"publish","type":"post","link":"https:\/\/www.egemtv.com\/?p=43033","title":{"rendered":"Bereketli Mahallesi\u2019nde a\u015fure ve ke\u015fkek hayr\u0131"},"content":{"rendered":"<p>Manisa\u2019n\u0131n Sar\u0131g\u00f6l il\u00e7esine ba\u011fl\u0131 Bereketli Mahallesi\u2019nde geleneksel hale gelen a\u015fure ve ke\u015fkek hayr\u0131 bu y\u0131l da yo\u011fun kat\u0131l\u0131mla ger\u00e7ekle\u015ftirildi.<br \/>\n<br \/>Mahalle halk\u0131n\u0131n katk\u0131lar\u0131yla temin edilen malzemeler, kad\u0131nlar taraf\u0131ndan kazanlarda pi\u015firilerek a\u015fure ve ke\u015fkek haz\u0131rland\u0131. Mahalle kuran kursu \u00f6\u011frencileri ve gen\u00e7lerinin deste\u011fiyle yakla\u015f\u0131k 600 ki\u015fiye ikramda bulunuldu.<br \/>\n<br \/>Hay\u0131r etkinli\u011fi, mahalle camisinde d\u00fczenlenirken, vatanda\u015flar birlik ve beraberlik i\u00e7erisinde Muharrem ay\u0131n\u0131n manevi atmosferini payla\u015ft\u0131.<br \/>\n<br \/>Her y\u0131l geleneksel olarak d\u00fczenlenen a\u015fure ve ke\u015fkek hayr\u0131na ili\u015fkin konu\u015fan Bereketli Mahallesi Muhtar\u0131 Kerim Bostan, &#8220;Muharrem ay\u0131nda imam\u0131m\u0131z Ali Arslan \u00f6nc\u00fcl\u00fc\u011f\u00fcnde mahalleli olarak bu gelene\u011fi s\u00fcrd\u00fcr\u00fcyoruz. Katk\u0131 sunan ve kat\u0131l\u0131m sa\u011flayan herkese te\u015fekk\u00fcr ederim,&#8221; dedi.<br \/><\/p>\n","protected":false},"excerpt":{"rendered":"<p>Manisa\u2019n\u0131n Sar\u0131g\u00f6l il\u00e7esine ba\u011fl\u0131 Bereketli Mahallesi\u2019nde geleneksel hale gelen a\u015fure ve ke\u015fkek hayr\u0131 bu y\u0131l da yo\u011fun kat\u0131l\u0131mla ger\u00e7ekle\u015ftirildi. Mahalle halk\u0131n\u0131n katk\u0131lar\u0131yla temin edilen malzemeler, kad\u0131nlar taraf\u0131ndan kazanlarda pi\u015firilerek a\u015fure ve ke\u015fkek haz\u0131rland\u0131. Mahalle kuran kursu \u00f6\u011frencileri ve gen\u00e7lerinin deste\u011fiyle yakla\u015f\u0131k 600 ki\u015fiye ikramda bulunuldu. Hay\u0131r etkinli\u011fi, mahalle camisinde d\u00fczenlenirken, vatanda\u015flar birlik ve beraberlik i\u00e7erisinde&#8230;<\/p>\n","protected":false},"author":1,"featured_media":43034,"comment_status":"open","ping_status":"open","sticky":false,"template":"","format":"standard","meta":{"_crdt_document":"","footnotes":""},"categories":[1],"tags":[],"class_list":["post-43033","post","type-post","status-publish","format-standard","has-post-thumbnail","hentry","category-guncel"],"_links":{"self":[{"href":"https:\/\/www.egemtv.com\/index.php?rest_route=\/wp\/v2\/posts\/43033","targetHints":{"allow":["GET"]}}],"collection":[{"href":"https:\/\/www.egemtv.com\/index.php?rest_route=\/wp\/v2\/posts"}],"about":[{"href":"https:\/\/www.egemtv.com\/index.php?rest_route=\/wp\/v2\/types\/post"}],"author":[{"embeddable":true,"href":"https:\/\/www.egemtv.com\/index.php?rest_route=\/wp\/v2\/users\/1"}],"replies":[{"embeddable":true,"href":"https:\/\/www.egemtv.com\/index.php?rest_route=%2Fwp%2Fv2%2Fcomments&post=43033"}],"version-history":[{"count":1,"href":"https:\/\/www.egemtv.com\/index.php?rest_route=\/wp\/v2\/posts\/43033\/revisions"}],"predecessor-version":[{"id":43035,"href":"https:\/\/www.egemtv.com\/index.php?rest_route=\/wp\/v2\/posts\/43033\/revisions\/43035"}],"wp:featuredmedia":[{"embeddable":true,"href":"https:\/\/www.egemtv.com\/index.php?rest_route=\/wp\/v2\/media\/43034"}],"wp:attachment":[{"href":"https:\/\/www.egemtv.com\/index.php?rest_route=%2Fwp%2Fv2%2Fmedia&parent=43033"}],"wp:term":[{"taxonomy":"category","embeddable":true,"href":"https:\/\/www.egemtv.com\/index.php?rest_route=%2Fwp%2Fv2%2Fcategories&post=43033"},{"taxonomy":"post_tag","embeddable":true,"href":"https:\/\/www.egemtv.com\/index.php?rest_route=%2Fwp%2Fv2%2Ftags&post=43033"}],"curies":[{"name":"wp","href":"https:\/\/api.w.org\/{rel}","templated":true}]}}