{"id":43030,"date":"2025-07-19T08:54:51","date_gmt":"2025-07-19T05:54:51","guid":{"rendered":"https:\/\/www.egemtv.com\/?p=43030"},"modified":"2025-07-19T08:54:54","modified_gmt":"2025-07-19T05:54:54","slug":"usakta-tirin-dorsesi-alev-alev-yandi","status":"publish","type":"post","link":"https:\/\/www.egemtv.com\/?p=43030","title":{"rendered":"U\u015fak\u2019ta t\u0131r\u0131n dorsesi alev alev yand\u0131"},"content":{"rendered":"<p>U\u015fak\u2019ta seyir halinde iken t\u0131r\u0131n dorsesinde \u00e7\u0131kan yang\u0131n, ekiplerin m\u00fcdahalesi sonras\u0131 s\u00f6nd\u00fcr\u00fcld\u00fc.<br \/>\n<br \/>Yang\u0131n, \u0130zmir-U\u015fak Karayolu \u00dcr\u00fcnk\u00f6y yak\u0131nlar\u0131nda seyir halinde olan C.U. (59) idaresindeki 35 AVF 214 plakal\u0131 t\u0131r\u0131n dorse k\u0131sm\u0131nda bilinmeyen bir nedenle \u00e7\u0131kt\u0131. K\u0131sa s\u00fcrede b\u00fcy\u00fcyen yang\u0131n t\u00fcm dorseyi sararken, yol kenar\u0131nda bulunan a\u011fa\u00e7l\u0131k alana da s\u0131\u00e7rad\u0131. \u00c7evredeki vatanda\u015flar\u0131n durumu 112 Acil \u00c7a\u011fr\u0131 Merkezi\u2019ne bildirmesi \u00fczerine b\u00f6lgeye polis, jandarma, itfaiye ve U\u015fak Orman \u0130\u015fletme M\u00fcd\u00fcrl\u00fc\u011f\u00fc\u2019ne ba\u011fl\u0131 ekipler sevk edildi. Ekiplerin m\u00fcdahalesi sonucu yang\u0131n s\u00f6nd\u00fcr\u00fcl\u00fcrken, dorse kullan\u0131lmaz hale geldi.<br \/>\n<br \/>\u00d6te yandan, bir s\u00fcre \u0130zmir-U\u015fak Karayolu trafi\u011fe kapat\u0131ld\u0131.<br \/><\/p>\n","protected":false},"excerpt":{"rendered":"<p>U\u015fak\u2019ta seyir halinde iken t\u0131r\u0131n dorsesinde \u00e7\u0131kan yang\u0131n, ekiplerin m\u00fcdahalesi sonras\u0131 s\u00f6nd\u00fcr\u00fcld\u00fc. Yang\u0131n, \u0130zmir-U\u015fak Karayolu \u00dcr\u00fcnk\u00f6y yak\u0131nlar\u0131nda seyir halinde olan C.U. (59) idaresindeki 35 AVF 214 plakal\u0131 t\u0131r\u0131n dorse k\u0131sm\u0131nda bilinmeyen bir nedenle \u00e7\u0131kt\u0131. K\u0131sa s\u00fcrede b\u00fcy\u00fcyen yang\u0131n t\u00fcm dorseyi sararken, yol kenar\u0131nda bulunan a\u011fa\u00e7l\u0131k alana da s\u0131\u00e7rad\u0131. \u00c7evredeki vatanda\u015flar\u0131n durumu 112 Acil \u00c7a\u011fr\u0131 Merkezi\u2019ne&#8230;<\/p>\n","protected":false},"author":1,"featured_media":43031,"comment_status":"open","ping_status":"open","sticky":false,"template":"","format":"standard","meta":{"_crdt_document":"","footnotes":""},"categories":[5],"tags":[],"class_list":["post-43030","post","type-post","status-publish","format-standard","has-post-thumbnail","hentry","category-asayis"],"_links":{"self":[{"href":"https:\/\/www.egemtv.com\/index.php?rest_route=\/wp\/v2\/posts\/43030","targetHints":{"allow":["GET"]}}],"collection":[{"href":"https:\/\/www.egemtv.com\/index.php?rest_route=\/wp\/v2\/posts"}],"about":[{"href":"https:\/\/www.egemtv.com\/index.php?rest_route=\/wp\/v2\/types\/post"}],"author":[{"embeddable":true,"href":"https:\/\/www.egemtv.com\/index.php?rest_route=\/wp\/v2\/users\/1"}],"replies":[{"embeddable":true,"href":"https:\/\/www.egemtv.com\/index.php?rest_route=%2Fwp%2Fv2%2Fcomments&post=43030"}],"version-history":[{"count":1,"href":"https:\/\/www.egemtv.com\/index.php?rest_route=\/wp\/v2\/posts\/43030\/revisions"}],"predecessor-version":[{"id":43032,"href":"https:\/\/www.egemtv.com\/index.php?rest_route=\/wp\/v2\/posts\/43030\/revisions\/43032"}],"wp:featuredmedia":[{"embeddable":true,"href":"https:\/\/www.egemtv.com\/index.php?rest_route=\/wp\/v2\/media\/43031"}],"wp:attachment":[{"href":"https:\/\/www.egemtv.com\/index.php?rest_route=%2Fwp%2Fv2%2Fmedia&parent=43030"}],"wp:term":[{"taxonomy":"category","embeddable":true,"href":"https:\/\/www.egemtv.com\/index.php?rest_route=%2Fwp%2Fv2%2Fcategories&post=43030"},{"taxonomy":"post_tag","embeddable":true,"href":"https:\/\/www.egemtv.com\/index.php?rest_route=%2Fwp%2Fv2%2Ftags&post=43030"}],"curies":[{"name":"wp","href":"https:\/\/api.w.org\/{rel}","templated":true}]}}