{"id":43027,"date":"2025-07-19T08:34:53","date_gmt":"2025-07-19T05:34:53","guid":{"rendered":"https:\/\/www.egemtv.com\/?p=43027"},"modified":"2025-07-19T08:34:54","modified_gmt":"2025-07-19T05:34:54","slug":"iscinin-olumune-neden-olan-asansorlu-lift-goruntulendi","status":"publish","type":"post","link":"https:\/\/www.egemtv.com\/?p=43027","title":{"rendered":"\u0130\u015f\u00e7inin \u00f6l\u00fcm\u00fcne neden olan asans\u00f6rl\u00fc lift g\u00f6r\u00fcnt\u00fclendi"},"content":{"rendered":"<p>Denizli\u2019nin Honaz il\u00e7esinde in\u015faat\u0131 devam eden mermer fabrikas\u0131nda, bir i\u015f\u00e7inin \u00f6l\u00fcm\u00fc ve bir i\u015f\u00e7inin de a\u011f\u0131r yaralanmas\u0131yla sonu\u00e7lanan i\u00e7 kazas\u0131na neden olan asans\u00f6rl\u00fc lift g\u00f6r\u00fcnt\u00fcleri ortaya \u00e7\u0131kt\u0131.<\/p>\n<p>Honaz il\u00e7esine ba\u011fl\u0131 Dere\u00e7iftlik Mahallesi\u2019nde meydana gelen olayda; in\u015faat\u0131 devam mermer fabrikas\u0131n\u0131n \u00e7at\u0131s\u0131nda \u0131s\u0131 yal\u0131t\u0131m\u0131 yapan Ali Ayy\u0131ld\u0131z (36) ve Mustafa Karahan (44) \u00fczerinde \u00e7al\u0131\u015ft\u0131\u011f\u0131 asans\u00f6rl\u00fc lift, aniden ba\u015flayan f\u0131rt\u0131nada sallanmaya ba\u015flad\u0131. Asans\u00f6rl\u00fc liftin \u015fiddetli r\u00fczgar nedeniyle devrilmesi sonucu, iki i\u015f\u00e7i yakla\u015f\u0131k 5 metre y\u00fckseklikten yere d\u00fc\u015ft\u00fc. \u0130hbar \u00fczerine b\u00f6lgeye polis, itfaiye ve sa\u011fl\u0131k ekipleri sevk edildi.<\/p>\n<p>Sa\u011fl\u0131k ekiplerinin yapt\u0131\u011f\u0131 kontrolde i\u015f\u00e7ilerden Ali Ayy\u0131ld\u0131z\u2019\u0131n hayat\u0131n\u0131 kaybetti\u011fi belirlendi. Mustafa Karahan ise yap\u0131lan ilk m\u00fcdahalelerin ard\u0131ndan ambulans ile Pamukkale \u00dcniversite Hastanesi\u2019nde kald\u0131r\u0131larak tedavi alt\u0131na al\u0131nd\u0131. \u0130\u015f kazas\u0131nda hayat\u0131n\u0131 kaybeden Ali Ayy\u0131ld\u0131z\u2019\u0131n cenazesi otopsi yap\u0131lmak \u00fczere Denizli Adli T\u0131p Grup Ba\u015fkanl\u0131\u011f\u0131 morguna kald\u0131r\u0131ld\u0131. \u0130\u015f\u00e7inin cenazesi, otopsi i\u015flemlerinin tamamlanmas\u0131n\u0131n ard\u0131ndan topra\u011fa verildi.<\/p>\n<p>Bir i\u015f\u00e7inin hayat\u0131n\u0131 kaybetti\u011fi i\u015f kazas\u0131n\u0131n meydana geldi\u011fi fabrika binas\u0131 ile f\u0131rt\u0131nan\u0131n devirdi\u011fi asans\u00f6rl\u00fc lift, b\u00f6lgeden ge\u00e7en bir s\u00fcr\u00fcc\u00fc taraf\u0131ndan cep telefonuyla g\u00f6r\u00fcnt\u00fclendi. Olay ile ilgili soru\u015fturman\u0131n devam etti\u011fi bildirildi.<br \/><\/p>\n","protected":false},"excerpt":{"rendered":"<p>Denizli\u2019nin Honaz il\u00e7esinde in\u015faat\u0131 devam eden mermer fabrikas\u0131nda, bir i\u015f\u00e7inin \u00f6l\u00fcm\u00fc ve bir i\u015f\u00e7inin de a\u011f\u0131r yaralanmas\u0131yla sonu\u00e7lanan i\u00e7 kazas\u0131na neden olan asans\u00f6rl\u00fc lift g\u00f6r\u00fcnt\u00fcleri ortaya \u00e7\u0131kt\u0131. Honaz il\u00e7esine ba\u011fl\u0131 Dere\u00e7iftlik Mahallesi\u2019nde meydana gelen olayda; in\u015faat\u0131 devam mermer fabrikas\u0131n\u0131n \u00e7at\u0131s\u0131nda \u0131s\u0131 yal\u0131t\u0131m\u0131 yapan Ali Ayy\u0131ld\u0131z (36) ve Mustafa Karahan (44) \u00fczerinde \u00e7al\u0131\u015ft\u0131\u011f\u0131 asans\u00f6rl\u00fc lift, aniden&#8230;<\/p>\n","protected":false},"author":1,"featured_media":43028,"comment_status":"open","ping_status":"open","sticky":false,"template":"","format":"standard","meta":{"_crdt_document":"","footnotes":""},"categories":[5],"tags":[],"class_list":["post-43027","post","type-post","status-publish","format-standard","has-post-thumbnail","hentry","category-asayis"],"_links":{"self":[{"href":"https:\/\/www.egemtv.com\/index.php?rest_route=\/wp\/v2\/posts\/43027","targetHints":{"allow":["GET"]}}],"collection":[{"href":"https:\/\/www.egemtv.com\/index.php?rest_route=\/wp\/v2\/posts"}],"about":[{"href":"https:\/\/www.egemtv.com\/index.php?rest_route=\/wp\/v2\/types\/post"}],"author":[{"embeddable":true,"href":"https:\/\/www.egemtv.com\/index.php?rest_route=\/wp\/v2\/users\/1"}],"replies":[{"embeddable":true,"href":"https:\/\/www.egemtv.com\/index.php?rest_route=%2Fwp%2Fv2%2Fcomments&post=43027"}],"version-history":[{"count":1,"href":"https:\/\/www.egemtv.com\/index.php?rest_route=\/wp\/v2\/posts\/43027\/revisions"}],"predecessor-version":[{"id":43029,"href":"https:\/\/www.egemtv.com\/index.php?rest_route=\/wp\/v2\/posts\/43027\/revisions\/43029"}],"wp:featuredmedia":[{"embeddable":true,"href":"https:\/\/www.egemtv.com\/index.php?rest_route=\/wp\/v2\/media\/43028"}],"wp:attachment":[{"href":"https:\/\/www.egemtv.com\/index.php?rest_route=%2Fwp%2Fv2%2Fmedia&parent=43027"}],"wp:term":[{"taxonomy":"category","embeddable":true,"href":"https:\/\/www.egemtv.com\/index.php?rest_route=%2Fwp%2Fv2%2Fcategories&post=43027"},{"taxonomy":"post_tag","embeddable":true,"href":"https:\/\/www.egemtv.com\/index.php?rest_route=%2Fwp%2Fv2%2Ftags&post=43027"}],"curies":[{"name":"wp","href":"https:\/\/api.w.org\/{rel}","templated":true}]}}