{"id":43024,"date":"2025-07-18T23:15:26","date_gmt":"2025-07-18T20:15:26","guid":{"rendered":"https:\/\/www.egemtv.com\/?p=43024"},"modified":"2025-07-18T23:15:29","modified_gmt":"2025-07-18T20:15:29","slug":"deniz-kuvvetleri-kupasi-yat-yarisi-gocekte-sona-erdi","status":"publish","type":"post","link":"https:\/\/www.egemtv.com\/?p=43024","title":{"rendered":"Deniz Kuvvetleri Kupas\u0131 Yat Yar\u0131\u015f\u0131 G\u00f6cek\u2019te sona erdi"},"content":{"rendered":"<p>Bu y\u0131l 54.\u2019s\u00fc ger\u00e7ekle\u015ftirilen Deniz Kuvvetleri Kupas\u0131 Yat Yar\u0131\u015f\u0131 kupa t\u00f6reniyle G\u00f6cek\u2019te sona erdi.<br \/>\n<br \/>54. Deniz Kuvvetleri Kupas\u0131 Uluslararas\u0131 A\u00e7\u0131k Deniz Yat Yar\u0131\u015f\u0131 Mu\u011fla\u2019n\u0131n Fethiye il\u00e7esinde d\u00fczenlenen \u00f6d\u00fcl t\u00f6reniyle sona erdi. Yar\u0131\u015f, Deniz Kuvvetleri Komutanl\u0131\u011f\u0131 himayesinde, T\u00fcrkiye A\u00e7\u0131k Deniz Yar\u0131\u015f Kul\u00fcb\u00fc\u2019n\u00fcn (TAYK) organizasyonu ve AKPA Kimya\u2019n\u0131n ana sponsorlu\u011funda ger\u00e7ekle\u015fti. 14-18 Temmuz tarihleri aras\u0131nda \u0130stanbul-G\u00f6cek rotas\u0131nda ger\u00e7ekle\u015fen ve 5 farkl\u0131 \u00fclkeden 30 teknenin kat\u0131ld\u0131\u011f\u0131 yar\u0131\u015fta dereceye girenler Fethiye\u2019nin G\u00f6cek Mahallesinde d\u00fczenlenen \u00f6d\u00fcl t\u00f6reniyle kupalar\u0131n\u0131 ald\u0131.<\/p>\n<p>\u0130stanbul Bo\u011faz\u0131\u2019ndan ba\u015flad\u0131<br \/>\n<br \/>Deniz Kuvvetleri Komutanl\u0131\u011f\u0131 himayesinde, T\u00fcrkiye A\u00e7\u0131kdeniz Yar\u0131\u015f Kul\u00fcb\u00fc (TAYK) taraf\u0131ndan organize edilen yar\u0131\u015f, \u0130stanbul Bo\u011faz\u0131\u2019ndan ba\u015flayan e\u015fsiz bir rotayla \u00c7anakkale ve Ege Denizi\u2019ni ge\u00e7erek G\u00f6cek\u2019e ula\u015ft\u0131. D-Marin G\u00f6cek Marina\u2019da d\u00fczenlenen \u00f6d\u00fcl t\u00f6renine, Fethiye Kaymakam\u0131 Fatih Akkaya, G\u00fcney Deniz Saha Komutan\u0131 T\u00fcmamiral Rafet Oktar, Aksaz Deniz \u00dcs Komutan\u0131 Tu\u011famiral Neslim Eski, Lojistik Destek G\u00f6rev Grup Komutan\u0131 Tu\u011famiral Mehmet \u00d6zg\u00fcr \u00d6z\u00f6mek\u2019in yan\u0131 s\u0131ra yar\u0131\u015f\u00e7\u0131lar ve \u00e7ok say\u0131da davetli kat\u0131ld\u0131.<\/p>\n<p>&#8220;D\u00fcnyan\u0131n hi\u00e7bir yerinde iki bo\u011faz ve \u00fc\u00e7 deniz \u00fczerinden ge\u00e7en b\u00f6ylesine \u00f6zel bir yar\u0131\u015f yok&#8221;<br \/>\n<br \/>TAYK Genel M\u00fcd\u00fcr\u00fc Can Giray t\u00f6rende yapt\u0131\u011f\u0131 konu\u015fmada yar\u0131\u015f\u0131n tarihi ve sembolik \u00f6nemine dikkat \u00e7ekerek \u015funlar\u0131 s\u00f6yledi: &#8220;Bu kupay\u0131 54 y\u0131ld\u0131r d\u00fczenliyoruz ve bunu \u2018an\u0131tsal\u2019 olarak adland\u0131r\u0131yoruz. D\u00fcnyan\u0131n hi\u00e7bir yerinde iki bo\u011faz ve \u00fc\u00e7 deniz \u00fczerinden ge\u00e7en b\u00f6ylesine \u00f6zel bir yar\u0131\u015f yok. Bu g\u00fczerg\u00e2hta yar\u0131\u015fabilmemizi Ulu \u00d6nder Mustafa Kemal Atat\u00fcrk\u2019\u00fcn bizlere arma\u011fan etti\u011fi Kabotaj Kanunu\u2019na bor\u00e7luyuz. Deniz Kuvvetlerimiz ve Sahil G\u00fcvenli\u011fimiz sayesinde biz sadece \u00f6zg\u00fcrce yar\u0131\u015fmay\u0131 d\u00fc\u015f\u00fcn\u00fcyoruz.&#8221;<\/p>\n<p>Dereceye girenlere \u00f6d\u00fclleri verildi<br \/>\n<br \/>Gecede dereceye girenlere kupalar\u0131 ba\u015fta G\u00fcney Deniz Saha Komutan\u0131 T\u00fcmamiral Rafet Oktar, Aksaz Deniz \u00dcs Komutan\u0131 Tu\u011famiral Neslim Eski, Lojistik Destek G\u00f6rev Grup Komutan\u0131 Tu\u011famiral Mehmet \u00d6zg\u00fcr \u00d6z\u00f6mek ve kat\u0131lanlar taraf\u0131ndan verilirken yar\u0131\u015f\u00e7\u0131lar derecelerde dolay\u0131 b\u00fcy\u00fck sevin\u00e7 ya\u015fad\u0131. Deniz Kuvvetleri Kupas\u0131n\u0131n sahibi Bogatyr teknesi oldu.  IRC 3\u2019te Can\u0131as-Ias\/ Electron, IRC 2\u2019de Bogatyr, IRC 1\u2019de Queen Parts \/Courr\u0131er Du Coeur, IRC 0\u2019da ise Bey Metal Team isimli tekneler birinci oldu.<br \/><\/p>\n","protected":false},"excerpt":{"rendered":"<p>Bu y\u0131l 54.\u2019s\u00fc ger\u00e7ekle\u015ftirilen Deniz Kuvvetleri Kupas\u0131 Yat Yar\u0131\u015f\u0131 kupa t\u00f6reniyle G\u00f6cek\u2019te sona erdi. 54. Deniz Kuvvetleri Kupas\u0131 Uluslararas\u0131 A\u00e7\u0131k Deniz Yat Yar\u0131\u015f\u0131 Mu\u011fla\u2019n\u0131n Fethiye il\u00e7esinde d\u00fczenlenen \u00f6d\u00fcl t\u00f6reniyle sona erdi. Yar\u0131\u015f, Deniz Kuvvetleri Komutanl\u0131\u011f\u0131 himayesinde, T\u00fcrkiye A\u00e7\u0131k Deniz Yar\u0131\u015f Kul\u00fcb\u00fc\u2019n\u00fcn (TAYK) organizasyonu ve AKPA Kimya\u2019n\u0131n ana sponsorlu\u011funda ger\u00e7ekle\u015fti. 14-18 Temmuz tarihleri aras\u0131nda \u0130stanbul-G\u00f6cek rotas\u0131nda&#8230;<\/p>\n","protected":false},"author":1,"featured_media":43025,"comment_status":"open","ping_status":"open","sticky":false,"template":"","format":"standard","meta":{"_crdt_document":"","footnotes":""},"categories":[4],"tags":[],"class_list":["post-43024","post","type-post","status-publish","format-standard","has-post-thumbnail","hentry","category-spor"],"_links":{"self":[{"href":"https:\/\/www.egemtv.com\/index.php?rest_route=\/wp\/v2\/posts\/43024","targetHints":{"allow":["GET"]}}],"collection":[{"href":"https:\/\/www.egemtv.com\/index.php?rest_route=\/wp\/v2\/posts"}],"about":[{"href":"https:\/\/www.egemtv.com\/index.php?rest_route=\/wp\/v2\/types\/post"}],"author":[{"embeddable":true,"href":"https:\/\/www.egemtv.com\/index.php?rest_route=\/wp\/v2\/users\/1"}],"replies":[{"embeddable":true,"href":"https:\/\/www.egemtv.com\/index.php?rest_route=%2Fwp%2Fv2%2Fcomments&post=43024"}],"version-history":[{"count":1,"href":"https:\/\/www.egemtv.com\/index.php?rest_route=\/wp\/v2\/posts\/43024\/revisions"}],"predecessor-version":[{"id":43026,"href":"https:\/\/www.egemtv.com\/index.php?rest_route=\/wp\/v2\/posts\/43024\/revisions\/43026"}],"wp:featuredmedia":[{"embeddable":true,"href":"https:\/\/www.egemtv.com\/index.php?rest_route=\/wp\/v2\/media\/43025"}],"wp:attachment":[{"href":"https:\/\/www.egemtv.com\/index.php?rest_route=%2Fwp%2Fv2%2Fmedia&parent=43024"}],"wp:term":[{"taxonomy":"category","embeddable":true,"href":"https:\/\/www.egemtv.com\/index.php?rest_route=%2Fwp%2Fv2%2Fcategories&post=43024"},{"taxonomy":"post_tag","embeddable":true,"href":"https:\/\/www.egemtv.com\/index.php?rest_route=%2Fwp%2Fv2%2Ftags&post=43024"}],"curies":[{"name":"wp","href":"https:\/\/api.w.org\/{rel}","templated":true}]}}