{"id":43021,"date":"2025-07-18T22:34:36","date_gmt":"2025-07-18T19:34:36","guid":{"rendered":"https:\/\/www.egemtv.com\/?p=43021"},"modified":"2025-07-18T22:34:39","modified_gmt":"2025-07-18T19:34:39","slug":"tekvando-kuluplerarasi-minikler-turnuvasi-basladi","status":"publish","type":"post","link":"https:\/\/www.egemtv.com\/?p=43021","title":{"rendered":"Tekvando kul\u00fcpleraras\u0131 minikler turnuvas\u0131 ba\u015flad\u0131"},"content":{"rendered":"<p>Yunusemre Belediyesi taraf\u0131ndan ge\u00e7ti\u011fimiz ay hayat\u0131n\u0131 kaybeden Manisa B\u00fcy\u00fck\u015fehir Belediye Ba\u015fkan\u0131 Ferdi Zeyrek an\u0131s\u0131na d\u00fczenlenen Kul\u00fcpleraras\u0131 Minikler Tekvando Turnuvas\u0131 ba\u015flad\u0131.<br \/>\n<br \/>Yuntda\u011f\u0131 Ortak\u00f6y\u2019de d\u00fczenlenen turnuvaya 14 ilden yakla\u015f\u0131k 500 sporcu kat\u0131ld\u0131. 9-11 ya\u015f grubundaki sporcular\u0131n kat\u0131ld\u0131\u011f\u0131 organizasyon, Gen\u00e7lik ve Spor Bakanl\u0131\u011f\u0131, Manisa B\u00fcy\u00fck\u015fehir Belediyesi, T\u00fcrkiye Tekvando Federasyonu ve Yunusemre Belediyespor i\u015f birli\u011fiyle ger\u00e7ekle\u015ftiriliyor.<br \/>\n<br \/>20 Temmuz Pazar g\u00fcn\u00fcne kadar s\u00fcrecek turnuvan\u0131n a\u00e7\u0131l\u0131\u015f\u0131na Yunusemre Belediye Ba\u015fkan\u0131 Semih Balaban, T\u00fcrkiye Tekvando Federasyonu \u00dcyesi \u00dcnal Karada\u011f, T\u00fcrkiye Gazeteciler Federasyonu Genel Ba\u015fkan\u0131 Y\u0131lmaz Karaca, CHP Yunusemre \u0130l\u00e7e Ba\u015fkan\u0131 Mehmet Arslan, Yunusemre Belediyespor Ba\u015fkan\u0131 B\u00fclent Kanik, \u015eehzadeler Belediye Ba\u015fkan Yard\u0131mc\u0131s\u0131 G\u00f6kay Budak, siyasi parti ve sivil toplum kurulu\u015fu temsilcileri ile \u00e7ok say\u0131da vatanda\u015f kat\u0131ld\u0131.<br \/>\n<br \/>A\u00e7\u0131l\u0131\u015f konu\u015fmas\u0131nda T\u00fcrkiye Tekvando Federasyonu \u00dcyesi \u00dcnal Karada\u011f, &#8220;T\u00fcrk sporunu ileri ta\u015f\u0131mak i\u00e7in hep birlikte \u00e7al\u0131\u015f\u0131yoruz. Gen\u00e7lerimize destek olan herkese te\u015fekk\u00fcr ediyorum&#8221; dedi.<br \/>\n<br \/>Yunusemre Belediye Ba\u015fkan\u0131 Semih Balaban ise konu\u015fmas\u0131nda, sporun sadece futboldan ibaret olmad\u0131\u011f\u0131n\u0131 vurgulayarak, &#8220;Ferdi Zeyrek ba\u015fkan\u0131m\u0131z\u0131 anmak i\u00e7in d\u00fczenlenen bu turnuvada \u00f6nemli olan karde\u015fli\u011fi, sosyal \u00e7evreyi geli\u015ftirmek ve onurlu \u015fekilde spor yapmak. Kat\u0131lan herkese te\u015fekk\u00fcr ediyorum&#8221; ifadelerini kulland\u0131.<br \/>\n<br \/>Konu\u015fmalar\u0131n ard\u0131ndan sporcular kortej y\u00fcr\u00fcy\u00fc\u015f\u00fc yapt\u0131. \u0130lk g\u00fcn yap\u0131lan m\u00fcsabakalarda dereceye giren sporculara protokol \u00fcyeleri taraf\u0131ndan \u00f6d\u00fclleri verildi.<br \/>\n<br \/>Turnuva, 20 Temmuz Pazar g\u00fcn\u00fcne kadar devam edecek.<br \/><\/p>\n","protected":false},"excerpt":{"rendered":"<p>Yunusemre Belediyesi taraf\u0131ndan ge\u00e7ti\u011fimiz ay hayat\u0131n\u0131 kaybeden Manisa B\u00fcy\u00fck\u015fehir Belediye Ba\u015fkan\u0131 Ferdi Zeyrek an\u0131s\u0131na d\u00fczenlenen Kul\u00fcpleraras\u0131 Minikler Tekvando Turnuvas\u0131 ba\u015flad\u0131. Yuntda\u011f\u0131 Ortak\u00f6y\u2019de d\u00fczenlenen turnuvaya 14 ilden yakla\u015f\u0131k 500 sporcu kat\u0131ld\u0131. 9-11 ya\u015f grubundaki sporcular\u0131n kat\u0131ld\u0131\u011f\u0131 organizasyon, Gen\u00e7lik ve Spor Bakanl\u0131\u011f\u0131, Manisa B\u00fcy\u00fck\u015fehir Belediyesi, T\u00fcrkiye Tekvando Federasyonu ve Yunusemre Belediyespor i\u015f birli\u011fiyle ger\u00e7ekle\u015ftiriliyor. 20 Temmuz Pazar&#8230;<\/p>\n","protected":false},"author":1,"featured_media":43022,"comment_status":"open","ping_status":"open","sticky":false,"template":"","format":"standard","meta":{"_crdt_document":"","footnotes":""},"categories":[4],"tags":[],"class_list":["post-43021","post","type-post","status-publish","format-standard","has-post-thumbnail","hentry","category-spor"],"_links":{"self":[{"href":"https:\/\/www.egemtv.com\/index.php?rest_route=\/wp\/v2\/posts\/43021","targetHints":{"allow":["GET"]}}],"collection":[{"href":"https:\/\/www.egemtv.com\/index.php?rest_route=\/wp\/v2\/posts"}],"about":[{"href":"https:\/\/www.egemtv.com\/index.php?rest_route=\/wp\/v2\/types\/post"}],"author":[{"embeddable":true,"href":"https:\/\/www.egemtv.com\/index.php?rest_route=\/wp\/v2\/users\/1"}],"replies":[{"embeddable":true,"href":"https:\/\/www.egemtv.com\/index.php?rest_route=%2Fwp%2Fv2%2Fcomments&post=43021"}],"version-history":[{"count":1,"href":"https:\/\/www.egemtv.com\/index.php?rest_route=\/wp\/v2\/posts\/43021\/revisions"}],"predecessor-version":[{"id":43023,"href":"https:\/\/www.egemtv.com\/index.php?rest_route=\/wp\/v2\/posts\/43021\/revisions\/43023"}],"wp:featuredmedia":[{"embeddable":true,"href":"https:\/\/www.egemtv.com\/index.php?rest_route=\/wp\/v2\/media\/43022"}],"wp:attachment":[{"href":"https:\/\/www.egemtv.com\/index.php?rest_route=%2Fwp%2Fv2%2Fmedia&parent=43021"}],"wp:term":[{"taxonomy":"category","embeddable":true,"href":"https:\/\/www.egemtv.com\/index.php?rest_route=%2Fwp%2Fv2%2Fcategories&post=43021"},{"taxonomy":"post_tag","embeddable":true,"href":"https:\/\/www.egemtv.com\/index.php?rest_route=%2Fwp%2Fv2%2Ftags&post=43021"}],"curies":[{"name":"wp","href":"https:\/\/api.w.org\/{rel}","templated":true}]}}