{"id":43018,"date":"2025-07-18T20:56:02","date_gmt":"2025-07-18T17:56:02","guid":{"rendered":"https:\/\/www.egemtv.com\/?p=43018"},"modified":"2025-07-18T20:56:04","modified_gmt":"2025-07-18T17:56:04","slug":"denizlide-yollar-gole-dondu-suruculer-zor-anlar-yasadi","status":"publish","type":"post","link":"https:\/\/www.egemtv.com\/?p=43018","title":{"rendered":"Denizli\u2019de yollar g\u00f6le d\u00f6nd\u00fc, s\u00fcr\u00fcc\u00fcler zor anlar ya\u015fad\u0131"},"content":{"rendered":"<p>Denizli\u2019de ak\u015fam saatlerinde etkili olan sa\u011fanak hayat\u0131 olumsuz etkiledi. Ula\u015f\u0131mda aksakl\u0131klar ya\u015fan\u0131rken, baz\u0131 b\u00f6lgelerde ta\u015fk\u0131nlar meydana geldi.<br \/>\n<br \/>Denizli\u2019de ak\u015fam saatlerinde etkisini g\u00f6steren sa\u011fanak ya\u011f\u0131\u015f ta\u015fk\u0131nlara neden oldu. Kent merkezinde bir\u00e7ok b\u00f6lgede ya\u015fanan ta\u015fk\u0131nlar hayat\u0131 olumsuz etkiledi. \u00d6zellikle Denizli-Antalya karayolunda sa\u011fanak ya\u011f\u0131\u015f nedeniyle ula\u015f\u0131mda aksakl\u0131klar ya\u015fand\u0131. Denizli -Antalya karayolunda Denizli istikametine ya\u015fanan toprak kaymas\u0131 nedeniyle trafik bir s\u00fcreli\u011fine tek \u015ferit \u00fczerinden s\u00fcrd\u00fc. Sa\u011fanak nedeniyle yollar adeta dereye d\u00f6nerken, g\u00f6r\u00fc\u015f mesafesinin 5 metrenin alt\u0131na kadar d\u00fc\u015ft\u00fc\u011f\u00fc g\u00f6r\u00fcld\u00fc. Sa\u011fanak nedeniyle s\u00fcr\u00fcc\u00fcler zor anlar ya\u015fad\u0131\u011f\u0131 dikkatlerden ka\u00e7mazken, kent merkezindeki baz\u0131 yollardaki ta\u015fk\u0131nlar s\u00fcr\u00fcc\u00fclerin ilerlemesine engel oldu. \u0130l\u00e7elerde ise baz\u0131 b\u00f6lgelerde ta\u015fk\u0131nlar ya\u015fand\u0131. Tar\u0131m arazilerinde de sel nedeniyle zarar olu\u015ftu.<br \/><\/p>\n","protected":false},"excerpt":{"rendered":"<p>Denizli\u2019de ak\u015fam saatlerinde etkili olan sa\u011fanak hayat\u0131 olumsuz etkiledi. Ula\u015f\u0131mda aksakl\u0131klar ya\u015fan\u0131rken, baz\u0131 b\u00f6lgelerde ta\u015fk\u0131nlar meydana geldi. Denizli\u2019de ak\u015fam saatlerinde etkisini g\u00f6steren sa\u011fanak ya\u011f\u0131\u015f ta\u015fk\u0131nlara neden oldu. Kent merkezinde bir\u00e7ok b\u00f6lgede ya\u015fanan ta\u015fk\u0131nlar hayat\u0131 olumsuz etkiledi. \u00d6zellikle Denizli-Antalya karayolunda sa\u011fanak ya\u011f\u0131\u015f nedeniyle ula\u015f\u0131mda aksakl\u0131klar ya\u015fand\u0131. Denizli -Antalya karayolunda Denizli istikametine ya\u015fanan toprak kaymas\u0131 nedeniyle trafik&#8230;<\/p>\n","protected":false},"author":1,"featured_media":43019,"comment_status":"open","ping_status":"open","sticky":false,"template":"","format":"standard","meta":{"_crdt_document":"","footnotes":""},"categories":[1],"tags":[],"class_list":["post-43018","post","type-post","status-publish","format-standard","has-post-thumbnail","hentry","category-guncel"],"_links":{"self":[{"href":"https:\/\/www.egemtv.com\/index.php?rest_route=\/wp\/v2\/posts\/43018","targetHints":{"allow":["GET"]}}],"collection":[{"href":"https:\/\/www.egemtv.com\/index.php?rest_route=\/wp\/v2\/posts"}],"about":[{"href":"https:\/\/www.egemtv.com\/index.php?rest_route=\/wp\/v2\/types\/post"}],"author":[{"embeddable":true,"href":"https:\/\/www.egemtv.com\/index.php?rest_route=\/wp\/v2\/users\/1"}],"replies":[{"embeddable":true,"href":"https:\/\/www.egemtv.com\/index.php?rest_route=%2Fwp%2Fv2%2Fcomments&post=43018"}],"version-history":[{"count":1,"href":"https:\/\/www.egemtv.com\/index.php?rest_route=\/wp\/v2\/posts\/43018\/revisions"}],"predecessor-version":[{"id":43020,"href":"https:\/\/www.egemtv.com\/index.php?rest_route=\/wp\/v2\/posts\/43018\/revisions\/43020"}],"wp:featuredmedia":[{"embeddable":true,"href":"https:\/\/www.egemtv.com\/index.php?rest_route=\/wp\/v2\/media\/43019"}],"wp:attachment":[{"href":"https:\/\/www.egemtv.com\/index.php?rest_route=%2Fwp%2Fv2%2Fmedia&parent=43018"}],"wp:term":[{"taxonomy":"category","embeddable":true,"href":"https:\/\/www.egemtv.com\/index.php?rest_route=%2Fwp%2Fv2%2Fcategories&post=43018"},{"taxonomy":"post_tag","embeddable":true,"href":"https:\/\/www.egemtv.com\/index.php?rest_route=%2Fwp%2Fv2%2Ftags&post=43018"}],"curies":[{"name":"wp","href":"https:\/\/api.w.org\/{rel}","templated":true}]}}