{"id":43015,"date":"2025-07-18T20:55:59","date_gmt":"2025-07-18T17:55:59","guid":{"rendered":"https:\/\/www.egemtv.com\/?p=43015"},"modified":"2025-07-18T20:56:02","modified_gmt":"2025-07-18T17:56:02","slug":"dereye-tas-dokerken-devrilen-traktorun-altinda-kaldi-cansiz-bedeni-1-saat-sonra-bulundu","status":"publish","type":"post","link":"https:\/\/www.egemtv.com\/?p=43015","title":{"rendered":"Dereye ta\u015f d\u00f6kerken devrilen trakt\u00f6r\u00fcn alt\u0131nda kald\u0131, cans\u0131z bedeni 1 saat sonra bulundu"},"content":{"rendered":"<p>Burdur\u2019da tarladan toplad\u0131\u011f\u0131 ta\u015flar\u0131 dere kenar\u0131na bo\u015faltmak isterken trakt\u00f6r\u00fcn devrilmesi sonucu hayat\u0131n\u0131 kaybeden 52 ya\u015f\u0131ndaki \u00f6\u011fretmenin cans\u0131z bedeni, olaydan yakla\u015f\u0131k 1 saat sonra yak\u0131nlar\u0131 taraf\u0131ndan bulundu. Ac\u0131 haberi alan ailesi olay yerinde sinir krizi ge\u00e7irdi.<br \/>\n<br \/>Olay, saat 15.30 s\u0131ralar\u0131nda Burdur merkeze ba\u011fl\u0131 Kayaalt\u0131 k\u00f6y\u00fcnde meydana geldi. Edinilen bilgilere g\u00f6re, yaz tatili i\u00e7in geldi\u011fi Kayaalt\u0131 k\u00f6y\u00fcnde tarladaki ta\u015flar\u0131 trakt\u00f6r sepetine dolduran \u00f6\u011fretmen Alim Co\u015fkun (52), ta\u015flar\u0131 bo\u015faltmak i\u00e7in k\u00f6y i\u00e7inde bulunan dere kenar\u0131na geldi. Trakt\u00f6r\u00fcyle dereye do\u011fru geri yana\u015ft\u0131\u011f\u0131 esnada kontrolden \u00e7\u0131kan trakt\u00f6r dereye devrildi. Olaydan bir s\u00fcre sonra Alim Co\u015fkun\u2019a  ula\u015famayan yak\u0131nlar\u0131 k\u00f6yde arama \u00e7al\u0131\u015fmas\u0131 ba\u015flatt\u0131. Yakla\u015f\u0131k 1 saat s\u00fcren arama \u00e7al\u0131\u015fmalar\u0131 sonras\u0131nda dere i\u00e7inde trakt\u00f6r\u00fc fark eden k\u00f6yl\u00fcler durumu 112 Acil \u00c7a\u011fr\u0131 Merkezi\u2019ne bildirdi. \u0130hbar \u00fczerine b\u00f6lgeye sa\u011fl\u0131k, jandarma ve itfaiye ekipleri sevk edildi. Olay yerine gelen sa\u011fl\u0131k ekipleri taraf\u0131ndan yap\u0131lan kontrollerde devrilen trakt\u00f6r\u00fcn alt\u0131nda kalan Alim Co\u015fkun\u2018un hayat\u0131n\u0131 kaybetti\u011fi belirlendi. Vin\u00e7 yard\u0131m\u0131yla trakt\u00f6r\u00fcn kald\u0131r\u0131lmas\u0131n\u0131n ard\u0131ndan Co\u00e7kun\u2019un cenazesi savc\u0131 ve olay yeri inceleme ekiplerinin \u00e7al\u0131\u015fmalar\u0131n\u0131n ard\u0131ndan otopsi yap\u0131lmak \u00fczere Burdur Devlet Hastanesi morguna kald\u0131r\u0131ld\u0131.<\/p>\n<p>E\u015fi ve k\u0131z\u0131n\u0131n feryatlar\u0131 y\u00fcrekleri da\u011flad\u0131<br \/>\n<br \/>E\u015finin trakt\u00f6r\u00fcn alt\u0131nda kalan cans\u0131z bedeninin \u00e7\u0131kar\u0131lmas\u0131n\u0131 \u00e7aresizlik i\u00e7inde bekleyen Alim Co\u015fkun\u2019un e\u015fi, olay yerinde g\u00fc\u00e7l\u00fckle ayakta durabildi. B\u00fcy\u00fck \u00fcz\u00fcnt\u00fc ya\u015fayan kad\u0131n ac\u0131 haberi duyarak gelen k\u0131z\u0131na sar\u0131ld\u0131. G\u00f6zya\u015flar\u0131 i\u00e7inde &#8220;\u00d6ks\u00fcz kald\u0131k&#8221; diyerek feryat etti. Alim Co\u015fkun\u2019un Isparta\u2019da \u00f6\u011fretmen oldu\u011fu, yaz tatili i\u00e7in k\u00f6ye geldi\u011fi \u00f6\u011frenildi.<br \/><\/p>\n","protected":false},"excerpt":{"rendered":"<p>Burdur\u2019da tarladan toplad\u0131\u011f\u0131 ta\u015flar\u0131 dere kenar\u0131na bo\u015faltmak isterken trakt\u00f6r\u00fcn devrilmesi sonucu hayat\u0131n\u0131 kaybeden 52 ya\u015f\u0131ndaki \u00f6\u011fretmenin cans\u0131z bedeni, olaydan yakla\u015f\u0131k 1 saat sonra yak\u0131nlar\u0131 taraf\u0131ndan bulundu. Ac\u0131 haberi alan ailesi olay yerinde sinir krizi ge\u00e7irdi. Olay, saat 15.30 s\u0131ralar\u0131nda Burdur merkeze ba\u011fl\u0131 Kayaalt\u0131 k\u00f6y\u00fcnde meydana geldi. Edinilen bilgilere g\u00f6re, yaz tatili i\u00e7in geldi\u011fi Kayaalt\u0131 k\u00f6y\u00fcnde&#8230;<\/p>\n","protected":false},"author":1,"featured_media":43016,"comment_status":"open","ping_status":"open","sticky":false,"template":"","format":"standard","meta":{"_crdt_document":"","footnotes":""},"categories":[5],"tags":[],"class_list":["post-43015","post","type-post","status-publish","format-standard","has-post-thumbnail","hentry","category-asayis"],"_links":{"self":[{"href":"https:\/\/www.egemtv.com\/index.php?rest_route=\/wp\/v2\/posts\/43015","targetHints":{"allow":["GET"]}}],"collection":[{"href":"https:\/\/www.egemtv.com\/index.php?rest_route=\/wp\/v2\/posts"}],"about":[{"href":"https:\/\/www.egemtv.com\/index.php?rest_route=\/wp\/v2\/types\/post"}],"author":[{"embeddable":true,"href":"https:\/\/www.egemtv.com\/index.php?rest_route=\/wp\/v2\/users\/1"}],"replies":[{"embeddable":true,"href":"https:\/\/www.egemtv.com\/index.php?rest_route=%2Fwp%2Fv2%2Fcomments&post=43015"}],"version-history":[{"count":1,"href":"https:\/\/www.egemtv.com\/index.php?rest_route=\/wp\/v2\/posts\/43015\/revisions"}],"predecessor-version":[{"id":43017,"href":"https:\/\/www.egemtv.com\/index.php?rest_route=\/wp\/v2\/posts\/43015\/revisions\/43017"}],"wp:featuredmedia":[{"embeddable":true,"href":"https:\/\/www.egemtv.com\/index.php?rest_route=\/wp\/v2\/media\/43016"}],"wp:attachment":[{"href":"https:\/\/www.egemtv.com\/index.php?rest_route=%2Fwp%2Fv2%2Fmedia&parent=43015"}],"wp:term":[{"taxonomy":"category","embeddable":true,"href":"https:\/\/www.egemtv.com\/index.php?rest_route=%2Fwp%2Fv2%2Fcategories&post=43015"},{"taxonomy":"post_tag","embeddable":true,"href":"https:\/\/www.egemtv.com\/index.php?rest_route=%2Fwp%2Fv2%2Ftags&post=43015"}],"curies":[{"name":"wp","href":"https:\/\/api.w.org\/{rel}","templated":true}]}}