{"id":43012,"date":"2025-07-18T19:56:29","date_gmt":"2025-07-18T16:56:29","guid":{"rendered":"https:\/\/www.egemtv.com\/?p=43012"},"modified":"2025-07-18T19:56:31","modified_gmt":"2025-07-18T16:56:31","slug":"annesini-oldurdu-24-yil-hapis-cezasi-aldi","status":"publish","type":"post","link":"https:\/\/www.egemtv.com\/?p=43012","title":{"rendered":"Annesini \u00f6ld\u00fcrd\u00fc, 24 y\u0131l hapis cezas\u0131 ald\u0131"},"content":{"rendered":"<p>Mu\u011fla\u2019n\u0131n Bodrum il\u00e7esinde 16 ya\u015f\u0131ndayken annesinin bo\u011faz\u0131n\u0131 keserek \u00f6ld\u00fcren gen\u00e7, 24 y\u0131l hapis cezas\u0131na \u00e7arpt\u0131r\u0131ld\u0131.<br \/>\n<br \/>Olay, 24 Kas\u0131m 2023 g\u00fcn\u00fc Umur\u00e7a Mahallesi Yaka Sokak \u00fczerinde meydana geldi. Figen Bezmez (47), bo\u015fand\u0131\u011f\u0131 e\u015finden olan o\u011flu D.D.\u2019yi (16) g\u00f6rmek i\u00e7in oturdu\u011fu eve gitti. \u0130ddiaya g\u00f6re bir s\u00fcre sonra eve gelen ve psikolojik sorunlar\u0131 oldu\u011fu \u00f6\u011frenilen o\u011fluyla aralar\u0131nda tart\u0131\u015fma \u00e7\u0131kt\u0131. Kap\u0131y\u0131 kilitleyen D.D., b\u0131\u00e7akla annesine sald\u0131rd\u0131. Ka\u00e7ma \u00e7abalar\u0131 sonu\u00e7 vermeyen Figen Bezmez, bo\u011faz\u0131 ve v\u00fccudunun \u00e7e\u015fitli yerlerinden ald\u0131\u011f\u0131 b\u0131\u00e7ak darbeleri ile yaraland\u0131. K\u0131sa s\u00fcre sonra g\u00fc\u00e7l\u00fckle aya\u011fa kalkan Bezmez, kilitli kap\u0131y\u0131 a\u00e7arak d\u0131\u015far\u0131 \u00e7\u0131k\u0131p, yard\u0131m istedi.<br \/>\n<br \/>O esnada evin \u00f6n\u00fcnde bulunan Bezmez\u2019in arkada\u015f\u0131n\u0131n ihbar\u0131 \u00fczerine olay yerine, sa\u011fl\u0131k ve polis ekibi sevk edildi. Sa\u011fl\u0131k ekiplerinin yapt\u0131\u011f\u0131 kontrolde, Bezmez\u2019in hayat\u0131n\u0131 kaybetti\u011fi belirlendi. Karakoldaki i\u015flemlerinin ard\u0131ndan adliyeye sevk edilen D.D., \u00e7\u0131kar\u0131ld\u0131\u011f\u0131 mahkemece tutukland\u0131.<br \/>\n<br \/>Olay\u0131n davas\u0131 Bodrum 2. A\u011f\u0131r Ceza Mahkemesi\u2019nde g\u00f6r\u00fcl\u00fcrken 5\u2019nci duru\u015fmada karar \u00e7\u0131kt\u0131. D.D.\u2019nin Manisa Ruh ve Sinir Hastal\u0131klar\u0131 Hastanesinden gelen ak\u0131l sa\u011fl\u0131\u011f\u0131na ili\u015fkin raporunda, &#8220;Fiilinin hukuki anlam ve sonu\u00e7lar\u0131n\u0131 alg\u0131layabildi\u011fi ve bu fiille ilgili davran\u0131\u015flar\u0131n\u0131 y\u00f6nlendirebilme yetene\u011finin yeterince geli\u015fmi\u015f oldu\u011fu TCK 32\u2019inci maddesi kapsam\u0131nda bir ak\u0131l sa\u011fl\u0131\u011f\u0131 hastal\u0131\u011f\u0131 bulunmad\u0131\u011f\u0131 ve fiille ilgili olarak ceza sorumlulu\u011funun tam oldu\u011fu t\u0131bbi kanaatine var\u0131lm\u0131\u015ft\u0131r&#8221; ifadelerine yer verildi.<br \/>\n<br \/>D.D., karar duru\u015fmas\u0131nda pi\u015fman oldu\u011funu dile getirdi. Mahkeme heyeti, katil zanl\u0131s\u0131na indirim uygulamayarak 24 y\u0131l hapis cezas\u0131 verdi.<br \/><\/p>\n","protected":false},"excerpt":{"rendered":"<p>Mu\u011fla\u2019n\u0131n Bodrum il\u00e7esinde 16 ya\u015f\u0131ndayken annesinin bo\u011faz\u0131n\u0131 keserek \u00f6ld\u00fcren gen\u00e7, 24 y\u0131l hapis cezas\u0131na \u00e7arpt\u0131r\u0131ld\u0131. Olay, 24 Kas\u0131m 2023 g\u00fcn\u00fc Umur\u00e7a Mahallesi Yaka Sokak \u00fczerinde meydana geldi. Figen Bezmez (47), bo\u015fand\u0131\u011f\u0131 e\u015finden olan o\u011flu D.D.\u2019yi (16) g\u00f6rmek i\u00e7in oturdu\u011fu eve gitti. \u0130ddiaya g\u00f6re bir s\u00fcre sonra eve gelen ve psikolojik sorunlar\u0131 oldu\u011fu \u00f6\u011frenilen o\u011fluyla aralar\u0131nda&#8230;<\/p>\n","protected":false},"author":1,"featured_media":43013,"comment_status":"open","ping_status":"open","sticky":false,"template":"","format":"standard","meta":{"_crdt_document":"","footnotes":""},"categories":[5],"tags":[],"class_list":["post-43012","post","type-post","status-publish","format-standard","has-post-thumbnail","hentry","category-asayis"],"_links":{"self":[{"href":"https:\/\/www.egemtv.com\/index.php?rest_route=\/wp\/v2\/posts\/43012","targetHints":{"allow":["GET"]}}],"collection":[{"href":"https:\/\/www.egemtv.com\/index.php?rest_route=\/wp\/v2\/posts"}],"about":[{"href":"https:\/\/www.egemtv.com\/index.php?rest_route=\/wp\/v2\/types\/post"}],"author":[{"embeddable":true,"href":"https:\/\/www.egemtv.com\/index.php?rest_route=\/wp\/v2\/users\/1"}],"replies":[{"embeddable":true,"href":"https:\/\/www.egemtv.com\/index.php?rest_route=%2Fwp%2Fv2%2Fcomments&post=43012"}],"version-history":[{"count":1,"href":"https:\/\/www.egemtv.com\/index.php?rest_route=\/wp\/v2\/posts\/43012\/revisions"}],"predecessor-version":[{"id":43014,"href":"https:\/\/www.egemtv.com\/index.php?rest_route=\/wp\/v2\/posts\/43012\/revisions\/43014"}],"wp:featuredmedia":[{"embeddable":true,"href":"https:\/\/www.egemtv.com\/index.php?rest_route=\/wp\/v2\/media\/43013"}],"wp:attachment":[{"href":"https:\/\/www.egemtv.com\/index.php?rest_route=%2Fwp%2Fv2%2Fmedia&parent=43012"}],"wp:term":[{"taxonomy":"category","embeddable":true,"href":"https:\/\/www.egemtv.com\/index.php?rest_route=%2Fwp%2Fv2%2Fcategories&post=43012"},{"taxonomy":"post_tag","embeddable":true,"href":"https:\/\/www.egemtv.com\/index.php?rest_route=%2Fwp%2Fv2%2Ftags&post=43012"}],"curies":[{"name":"wp","href":"https:\/\/api.w.org\/{rel}","templated":true}]}}