{"id":42856,"date":"2025-07-18T11:36:56","date_gmt":"2025-07-18T08:36:56","guid":{"rendered":"https:\/\/www.egemtv.com\/?p=42856"},"modified":"2025-07-18T11:36:59","modified_gmt":"2025-07-18T08:36:59","slug":"aydin-aciklarinda-24-duzensiz-gocmen-yakalandi","status":"publish","type":"post","link":"https:\/\/www.egemtv.com\/?p=42856","title":{"rendered":"Ayd\u0131n a\u00e7\u0131klar\u0131nda 24 d\u00fczensiz g\u00f6\u00e7men yakaland\u0131"},"content":{"rendered":"<p>Ayd\u0131n\u2019\u0131n Ku\u015fadas\u0131 il\u00e7esi a\u00e7\u0131klar\u0131nda lastik bot i\u00e7erisinde bulunan 24 d\u00fczensiz g\u00f6\u00e7men yakaland\u0131.<\/p>\n<p>Ayd\u0131n\u2019\u0131n Didim ve Ku\u015fadas\u0131 a\u00e7\u0131klar\u0131ndan lastik bot veya can sallar\u0131 ile Yunanistan\u2019a ge\u00e7meye \u00e7al\u0131\u015fan d\u00fczensiz g\u00f6\u00e7menlere y\u00f6nelik \u00e7al\u0131\u015fmalar aral\u0131ks\u0131z devam ediyor. Bu kapsamda Sahil G\u00fcvenlik ekipleri, ge\u00e7ti\u011fimiz g\u00fcn sabaha kar\u015f\u0131 Ku\u015fadas\u0131 il\u00e7esi a\u00e7\u0131klar\u0131nda lastik bot i\u00e7erisinde d\u00fczensiz g\u00f6\u00e7men oldu\u011funu tespit etti. Bunun \u00fczerine b\u00f6lgeye sahil g\u00fcvenlik gemisi ve botu sevk edildi. K\u0131sa s\u00fcrede b\u00f6lgeye gelen ekipler, hareket halindeki lastik botu durdurdu. Bot i\u00e7erisindeki 24 d\u00fczensiz g\u00f6\u00e7men yakalanarak, sahil g\u00fcvenlik gemisine al\u0131nd\u0131. Yakalanan d\u00fczensiz g\u00f6\u00e7menlere gerekli sa\u011fl\u0131k kontrollerinin ard\u0131ndan geri g\u00f6nderme merkezine teslim edildi.<br \/><\/p>\n","protected":false},"excerpt":{"rendered":"<p>Ayd\u0131n\u2019\u0131n Ku\u015fadas\u0131 il\u00e7esi a\u00e7\u0131klar\u0131nda lastik bot i\u00e7erisinde bulunan 24 d\u00fczensiz g\u00f6\u00e7men yakaland\u0131. Ayd\u0131n\u2019\u0131n Didim ve Ku\u015fadas\u0131 a\u00e7\u0131klar\u0131ndan lastik bot veya can sallar\u0131 ile Yunanistan\u2019a ge\u00e7meye \u00e7al\u0131\u015fan d\u00fczensiz g\u00f6\u00e7menlere y\u00f6nelik \u00e7al\u0131\u015fmalar aral\u0131ks\u0131z devam ediyor. Bu kapsamda Sahil G\u00fcvenlik ekipleri, ge\u00e7ti\u011fimiz g\u00fcn sabaha kar\u015f\u0131 Ku\u015fadas\u0131 il\u00e7esi a\u00e7\u0131klar\u0131nda lastik bot i\u00e7erisinde d\u00fczensiz g\u00f6\u00e7men oldu\u011funu tespit etti. Bunun \u00fczerine&#8230;<\/p>\n","protected":false},"author":1,"featured_media":42857,"comment_status":"open","ping_status":"open","sticky":false,"template":"","format":"standard","meta":{"_crdt_document":"","footnotes":""},"categories":[5],"tags":[],"class_list":["post-42856","post","type-post","status-publish","format-standard","has-post-thumbnail","hentry","category-asayis"],"_links":{"self":[{"href":"https:\/\/www.egemtv.com\/index.php?rest_route=\/wp\/v2\/posts\/42856","targetHints":{"allow":["GET"]}}],"collection":[{"href":"https:\/\/www.egemtv.com\/index.php?rest_route=\/wp\/v2\/posts"}],"about":[{"href":"https:\/\/www.egemtv.com\/index.php?rest_route=\/wp\/v2\/types\/post"}],"author":[{"embeddable":true,"href":"https:\/\/www.egemtv.com\/index.php?rest_route=\/wp\/v2\/users\/1"}],"replies":[{"embeddable":true,"href":"https:\/\/www.egemtv.com\/index.php?rest_route=%2Fwp%2Fv2%2Fcomments&post=42856"}],"version-history":[{"count":1,"href":"https:\/\/www.egemtv.com\/index.php?rest_route=\/wp\/v2\/posts\/42856\/revisions"}],"predecessor-version":[{"id":42858,"href":"https:\/\/www.egemtv.com\/index.php?rest_route=\/wp\/v2\/posts\/42856\/revisions\/42858"}],"wp:featuredmedia":[{"embeddable":true,"href":"https:\/\/www.egemtv.com\/index.php?rest_route=\/wp\/v2\/media\/42857"}],"wp:attachment":[{"href":"https:\/\/www.egemtv.com\/index.php?rest_route=%2Fwp%2Fv2%2Fmedia&parent=42856"}],"wp:term":[{"taxonomy":"category","embeddable":true,"href":"https:\/\/www.egemtv.com\/index.php?rest_route=%2Fwp%2Fv2%2Fcategories&post=42856"},{"taxonomy":"post_tag","embeddable":true,"href":"https:\/\/www.egemtv.com\/index.php?rest_route=%2Fwp%2Fv2%2Ftags&post=42856"}],"curies":[{"name":"wp","href":"https:\/\/api.w.org\/{rel}","templated":true}]}}