{"id":42853,"date":"2025-07-18T11:36:54","date_gmt":"2025-07-18T08:36:54","guid":{"rendered":"https:\/\/www.egemtv.com\/?p=42853"},"modified":"2025-07-18T11:36:56","modified_gmt":"2025-07-18T08:36:56","slug":"muglada-sanat-spor-ve-kultur-bir-arada","status":"publish","type":"post","link":"https:\/\/www.egemtv.com\/?p=42853","title":{"rendered":"Mu\u011fla\u2019da sanat, spor ve k\u00fclt\u00fcr bir arada"},"content":{"rendered":"<p>Mu\u011fla Gen\u00e7lik ve Spor \u0130l M\u00fcd\u00fcrl\u00fc\u011f\u00fc b\u00fcnyesinde faaliyetlerini s\u00fcrd\u00fcren Mu\u011fla Uluslararas\u0131 Gen\u00e7lik Merkezi, yaz d\u00f6neminde \u00e7ocuklar ve gen\u00e7ler i\u00e7in dolu dolu bir program sunarak, e\u011flence ile \u00f6\u011frenmeyi bir araya getiriyor. Yaz kul\u00fcb\u00fc kapsam\u0131nda d\u00fczenlenen at\u00f6lyeler, spor aktiviteleri ve k\u00fclt\u00fcrel geziler, kat\u0131l\u0131mc\u0131lara unutulmaz anlar ya\u015fat\u0131yor.<\/p>\n<p>Merkezde ger\u00e7ekle\u015ftirilen resim ve el sanatlar\u0131 at\u00f6lyeleri, \u00e7ocuklar\u0131n basketbol, futbol ve voleybol gibi spor etkinlikleri, enerjilerini sa\u011fl\u0131kl\u0131 bir \u015fekilde de\u011ferlendirmelerine katk\u0131 sa\u011fl\u0131yor. Drama, m\u00fczik ve halk oyunlar\u0131 ile desteklenen program sayesinde \u00e7ocuklar sosyal becerilerini geli\u015ftirirken, ayn\u0131 zamanda \u00f6zg\u00fcven kazan\u0131yor. Ayr\u0131ca d\u00fczenlenen kitap okuma saatleri ve de\u011ferler e\u011fitimi gibi etkinliklerle \u00e7ocuklar\u0131n k\u00fclt\u00fcrel fark\u0131ndal\u0131klar\u0131 da art\u0131r\u0131l\u0131yor. T\u00fcm faaliyetler, alan\u0131nda uzman e\u011fitmenler e\u015fli\u011finde ve tamamen \u00fccretsiz olarak ger\u00e7ekle\u015ftiriliyor. Ailelerin yo\u011fun ilgisiyle kar\u015f\u0131lanan etkinlikler, gen\u00e7lerin \u00e7ok y\u00f6nl\u00fc geli\u015fimine katk\u0131 sunuyor.<\/p>\n<p>Uluslararas\u0131 Gen\u00e7lik Merkezi taraf\u0131ndan yaz boyunca d\u00fczenlenen sanatsal ve k\u00fclt\u00fcrel etkinlikler, her ya\u015ftan kat\u0131l\u0131mc\u0131n\u0131n yo\u011fun ilgisiyle devam ediyor. Merkezde ger\u00e7ekle\u015ftirilen at\u00f6lye \u00e7al\u0131\u015fmalar\u0131, sergiler, g\u00f6steriler ve s\u00f6yle\u015filer, sanatseverlere keyifli ve verimli bir yaz ya\u015fat\u0131yor.<\/p>\n<p>Resim ve seramik at\u00f6lyelerinde gen\u00e7 yetenekler hayal g\u00fc\u00e7lerini eserlerine yans\u0131t\u0131rken; tiyatro ve drama \u00e7al\u0131\u015fmalar\u0131 sayesinde sahne heyecan\u0131 deneyimleniyor. Edebiyat ve \u015fiir bulu\u015fmalar\u0131, gen\u00e7lerin edebi zevklerini geli\u015ftirirken k\u00fclt\u00fcrel zenginli\u011fe de katk\u0131 sa\u011fl\u0131yor. M\u00fczik ve halk oyunlar\u0131 g\u00f6sterileri ise geleneksel de\u011ferleri ya\u015fatmaya devam ediyor.<\/p>\n<p>Etkinlikler sayesinde \u00e7ocuklar ve gen\u00e7ler sadece sanatsal \u00fcretimin par\u00e7as\u0131 olmakla kalm\u0131yor, ayn\u0131 zamanda k\u00fclt\u00fcrel mirasla tan\u0131\u015farak bilin\u00e7lenme f\u0131rsat\u0131 da buluyor. Alan\u0131nda uzman e\u011fitmenler ve sanat\u00e7\u0131lar e\u015fli\u011finde y\u00fcr\u00fct\u00fclen faaliyetler, e\u011fitici ve ilham verici bir ortam sunarak Mu\u011fla\u2019da k\u00fclt\u00fcr ve sanatla i\u00e7 i\u00e7e bir yaz ya\u015fat\u0131yor.<br \/><\/p>\n","protected":false},"excerpt":{"rendered":"<p>Mu\u011fla Gen\u00e7lik ve Spor \u0130l M\u00fcd\u00fcrl\u00fc\u011f\u00fc b\u00fcnyesinde faaliyetlerini s\u00fcrd\u00fcren Mu\u011fla Uluslararas\u0131 Gen\u00e7lik Merkezi, yaz d\u00f6neminde \u00e7ocuklar ve gen\u00e7ler i\u00e7in dolu dolu bir program sunarak, e\u011flence ile \u00f6\u011frenmeyi bir araya getiriyor. Yaz kul\u00fcb\u00fc kapsam\u0131nda d\u00fczenlenen at\u00f6lyeler, spor aktiviteleri ve k\u00fclt\u00fcrel geziler, kat\u0131l\u0131mc\u0131lara unutulmaz anlar ya\u015fat\u0131yor. Merkezde ger\u00e7ekle\u015ftirilen resim ve el sanatlar\u0131 at\u00f6lyeleri, \u00e7ocuklar\u0131n basketbol, futbol ve&#8230;<\/p>\n","protected":false},"author":1,"featured_media":42854,"comment_status":"open","ping_status":"open","sticky":false,"template":"","format":"standard","meta":{"_crdt_document":"","footnotes":""},"categories":[4],"tags":[],"class_list":["post-42853","post","type-post","status-publish","format-standard","has-post-thumbnail","hentry","category-spor"],"_links":{"self":[{"href":"https:\/\/www.egemtv.com\/index.php?rest_route=\/wp\/v2\/posts\/42853","targetHints":{"allow":["GET"]}}],"collection":[{"href":"https:\/\/www.egemtv.com\/index.php?rest_route=\/wp\/v2\/posts"}],"about":[{"href":"https:\/\/www.egemtv.com\/index.php?rest_route=\/wp\/v2\/types\/post"}],"author":[{"embeddable":true,"href":"https:\/\/www.egemtv.com\/index.php?rest_route=\/wp\/v2\/users\/1"}],"replies":[{"embeddable":true,"href":"https:\/\/www.egemtv.com\/index.php?rest_route=%2Fwp%2Fv2%2Fcomments&post=42853"}],"version-history":[{"count":1,"href":"https:\/\/www.egemtv.com\/index.php?rest_route=\/wp\/v2\/posts\/42853\/revisions"}],"predecessor-version":[{"id":42855,"href":"https:\/\/www.egemtv.com\/index.php?rest_route=\/wp\/v2\/posts\/42853\/revisions\/42855"}],"wp:featuredmedia":[{"embeddable":true,"href":"https:\/\/www.egemtv.com\/index.php?rest_route=\/wp\/v2\/media\/42854"}],"wp:attachment":[{"href":"https:\/\/www.egemtv.com\/index.php?rest_route=%2Fwp%2Fv2%2Fmedia&parent=42853"}],"wp:term":[{"taxonomy":"category","embeddable":true,"href":"https:\/\/www.egemtv.com\/index.php?rest_route=%2Fwp%2Fv2%2Fcategories&post=42853"},{"taxonomy":"post_tag","embeddable":true,"href":"https:\/\/www.egemtv.com\/index.php?rest_route=%2Fwp%2Fv2%2Ftags&post=42853"}],"curies":[{"name":"wp","href":"https:\/\/api.w.org\/{rel}","templated":true}]}}