{"id":42850,"date":"2025-07-18T11:36:51","date_gmt":"2025-07-18T08:36:51","guid":{"rendered":"https:\/\/www.egemtv.com\/?p=42850"},"modified":"2025-07-18T11:36:54","modified_gmt":"2025-07-18T08:36:54","slug":"bakan-memisoglu-acikladi-10-milyon-kisinin-olcumu-yapildi-yuzde-70i-fazla-kilolu","status":"publish","type":"post","link":"https:\/\/www.egemtv.com\/?p=42850","title":{"rendered":"Bakan Memi\u015fo\u011flu a\u00e7\u0131klad\u0131: 10 milyon ki\u015finin \u00f6l\u00e7\u00fcm\u00fc yap\u0131ld\u0131, y\u00fczde 70\u2019i fazla kilolu"},"content":{"rendered":"<p>Sa\u011fl\u0131k Bakan\u0131 Prof. Dr. Kemal Memi\u015fo\u011flu, fazla kilo ve obeziteyle m\u00fccadele kapsam\u0131nda bug\u00fcne kadar 10 milyon ki\u015finin kilo ve boy \u00f6l\u00e7\u00fcm\u00fcn\u00fc ger\u00e7ekle\u015ftirdiklerini belirterek, &#8220;\u00d6l\u00e7\u00fcmlere g\u00f6re toplumun yakla\u015f\u0131k y\u00fczde 70\u2019i fazla kilolu, bunun y\u00fczde 25\u2019i ise obez. \u00d6zellikle vatanda\u015flar\u0131m\u0131z\u0131n sa\u011fl\u0131kl\u0131 bir ya\u015fam i\u00e7in kilo vermeye destek olmas\u0131n\u0131 bekliyoruz. \u00c7\u00fcnk\u00fc fazla kilo ya\u015fam kalitesini d\u00fc\u015f\u00fcr\u00fcyor, uyku d\u00fczenini bozuyor, eklem rahats\u0131zl\u0131klar\u0131na ve kalp hastal\u0131klar\u0131na yol a\u00e7\u0131yor&#8221; dedi.<br \/>\n<br \/>Bakan Memi\u015fo\u011flu, &#8220;Sa\u011fl\u0131kl\u0131 T\u00fcrkiye Y\u00fczy\u0131l\u0131&#8221; program\u0131 kapsam\u0131nda Manisa\u2019y\u0131 ziyaret etti. Vali Vahdettin \u00d6zkan\u2019\u0131 makam\u0131nda ziyaret eden Bakan Memi\u015fo\u011flu, kentte y\u00fcr\u00fct\u00fclen sa\u011fl\u0131k yat\u0131r\u0131mlar\u0131na ili\u015fkin toplant\u0131 yapt\u0131. Daha sonra bas\u0131n\u0131n kar\u015f\u0131s\u0131na ge\u00e7en Bakan Memi\u015fo\u011flu, hem Manisa\u2019daki yat\u0131r\u0131mlar hakk\u0131nda konu\u015ftu hem de obezite ve sigarayla m\u00fccadele konular\u0131na de\u011findi. Manisa\u2019n\u0131n sa\u011fl\u0131k alan\u0131nda \u00f6nemli bir ge\u00e7mi\u015fe sahip oldu\u011funu vurgulayan Memi\u015fo\u011flu, &#8220;\u0130limizde 28 hastane, bir \u00fcniversite hastanesi ve T\u00fcrkiye\u2019nin en iyi \u00e7al\u0131\u015fan \u015fehir hastanelerinden biri bulunuyor. Ayr\u0131ca y\u0131llard\u0131r hizmet veren ruh ve sinir hastal\u0131klar\u0131 hastanemiz T\u00fcrkiye\u2019nin en bilinen hastanelerinden biri konumunda. Toplamda 9 \u00f6zel hastane ile birlikte toplam 4 bin 806 yatak kapasitesiyle sa\u011fl\u0131k hizmeti sunuyoruz. 2002 y\u0131l\u0131na g\u00f6re yatak kapasitemizi y\u00fczde 80 oran\u0131nda art\u0131rd\u0131k. Yeni yat\u0131r\u0131mlarla bu kapasiteyi daha da geli\u015ftirmeyi s\u00fcrd\u00fcr\u00fcyoruz.&#8221; ifadelerini kulland\u0131.<br \/>\n<br \/>Devam eden sa\u011fl\u0131k yat\u0131r\u0131mlar\u0131yla ilgili bilgi veren Bakan Memi\u015fo\u011flu, &#8220;Akhisar\u2019da 450 yatakl\u0131, Salihli\u2019de ise 400 yatakl\u0131 yeni hastanelerimizin in\u015faat\u0131na ba\u015flad\u0131k. Bu hastaneleri 2027 y\u0131l\u0131 sonuna kadar hizmete a\u00e7may\u0131 hedefliyoruz. Ruh ve sinir hastal\u0131klar\u0131 hastanemizin de yenilenmesi i\u00e7in k\u0131sa s\u00fcrede in\u015faata ba\u015flanacak. \u00c7ok g\u00fczel bir hastaneyi Manisal\u0131lara kazand\u0131raca\u011f\u0131z. Ala\u015fehir\u2019de 20 \u00fcniteli a\u011f\u0131z ve di\u015f sa\u011fl\u0131\u011f\u0131 merkezi tamamland\u0131, birka\u00e7 hafta i\u00e7inde hizmet vermeye ba\u015flayacak. Saruhanl\u0131\u2019da da 50 yatakl\u0131 yeni devlet hastanesinin planlamas\u0131 tamamland\u0131. Bu y\u0131l ihalesini yaparak, 2026 y\u0131l\u0131nda in\u015faat\u0131na ba\u015flayaca\u011f\u0131z&#8221; dedi.<br \/>\n<br \/>Toplumun sadece hastalan\u0131nca de\u011fil, sa\u011fl\u0131kl\u0131 kalmas\u0131 i\u00e7in de \u00e7al\u0131\u015fmalar y\u00fcr\u00fctt\u00fcklerini belirten Memi\u015fo\u011flu, &#8220;Sa\u011fl\u0131k hizmetleri sadece tedaviyle s\u0131n\u0131rl\u0131 de\u011fil. Toplumun sa\u011fl\u0131kl\u0131 kalmas\u0131 \u00f6nceli\u011fimiz. Cumhurba\u015fkan\u0131m\u0131z\u0131n liderli\u011finde \u2019Sa\u011fl\u0131kl\u0131 Bir T\u00fcrkiye\u2019 hedefiyle hareket ediyoruz. Bu kapsamda e\u011fitim ve fark\u0131ndal\u0131k programlar\u0131 d\u00fczenliyoruz. Kilo ve boy \u00f6l\u00e7\u00fcmleri yaparak vatanda\u015flar\u0131m\u0131z\u0131n fark\u0131ndal\u0131\u011f\u0131n\u0131 art\u0131rmaya ba\u015flad\u0131k. Bug\u00fcne kadar 10 milyon ki\u015finin kilo ve boy \u00f6l\u00e7\u00fcm\u00fcn\u00fc ger\u00e7ekle\u015ftirdik. Ama maalesef yakla\u015f\u0131k y\u00fczde 70\u2019e yak\u0131n insan\u0131m\u0131z\u0131n fazla kilolu oldu\u011funu, hatta bu y\u00fczde 70\u2019in de y\u00fczde 25\u2019inin obez diyece\u011fimiz a\u015f\u0131r\u0131 kilolu oldu\u011funu fark ettik. \u00d6zellikle toplumdan bu konuda bize destek vermesini, beraber bu kilolar\u0131 vermemiz gerekti\u011fini \u00f6zellikle ifade etmek istiyorum. \u00c7\u00fcnk\u00fc kilo sonu\u00e7ta hayat kalitesini d\u00fc\u015f\u00fcr\u00fcyor, uyku kalitesini d\u00fc\u015f\u00fcr\u00fcyor, eklemlerimizi bozuyor, kalp hastal\u0131klar\u0131na sebebiyet veriyor. Ba\u015fka bir sorunumuz daha var. T\u00fcrkiye tam bundan 16 y\u0131l evvel 2009 y\u0131l\u0131nda T\u00fct\u00fcnle M\u00fccadele Kanunu yapan bu konuda da D\u00fcnya Sa\u011fl\u0131k \u00d6rg\u00fct\u00fc taraf\u0131ndan \u00e7ok ba\u015far\u0131l\u0131 bulunan bir \u00fclke. 2014-2015 senesinde \u00f6zellikle senelerine kadar bu konuda iyi bir kampanyayla toplumun da kat\u0131l\u0131m\u0131yla sigara kullan\u0131m oranlar\u0131m\u0131z\u0131 ve t\u00fct\u00fcn kullan\u0131m oranlar\u0131m\u0131z\u0131 azaltm\u0131\u015ft\u0131k. Bunu yeniden yapabiliriz. Bug\u00fcn maalesef T\u00fcrk toplumunun \u00fc\u00e7te biri sigara kullan\u0131yor. \u00d6zellikle gen\u00e7lerimizde ve kad\u0131nlar\u0131m\u0131zda sigara kullan\u0131m oranlar\u0131 artmaya ba\u015flad\u0131. O nedenle bizim sigarayla ilgili yeniden etkin ve \u00e7ok kapsaml\u0131 bir \u00e7al\u0131\u015fma yapmam\u0131z gerekiyor. \u00d6zellikle sigara kullanan vatanda\u015flar\u0131m\u0131za seslenmek istiyorum. Gelin hep beraber bu zararl\u0131 bedenimizi de hayat\u0131m\u0131z\u0131 da hayat kalitemize de etki eden ve maalesef bizlerin ya\u015fam s\u00fcresini k\u0131saltan bu k\u00f6t\u00fc al\u0131\u015fkanl\u0131ktan hep beraber kurtulal\u0131m. Bizler sizlere yard\u0131m i\u00e7in haz\u0131r\u0131z. Hepinizin sigaran\u0131n sa\u011fl\u0131\u011f\u0131n\u0131n, sa\u011fl\u0131\u011f\u0131n\u0131za zarar verdi\u011fini bildi\u011finiz halde i\u00e7menizi istemiyoruz. Onun i\u00e7in toplumumuza ve b\u00fct\u00fcn vatanda\u015flar\u0131m\u0131za t\u00fct\u00fcnle m\u00fccadelede bize destek verilmesini, yeni bir ruhla, yeni bir \u00e7abayla sigara i\u00e7en arkada\u015flar\u0131m\u0131z\u0131n bu illetten kurtulmas\u0131 i\u00e7in hep beraber \u00e7al\u0131\u015fmam\u0131z\u0131 \u00f6neriyorum. Bug\u00fcn T\u00fcrkiye\u2019de senede 100 bin ki\u015fi sigaraya ba\u011fl\u0131 hastal\u0131ktan \u00f6l\u00fcyor. Bakt\u0131\u011f\u0131n\u0131z zaman d\u00fcnyada 17 milyon insan dola\u015f\u0131m hastal\u0131klar\u0131ndan her sene kaybediliyor. Onun i\u00e7in bu k\u00f6t\u00fc al\u0131\u015fkanl\u0131klar\u0131n\u0131 b\u0131rakmam\u0131z ve bununla m\u00fccadele etmemiz gerekiyor. Bunu sadece sa\u011fl\u0131k\u00e7\u0131lar de\u011fil, hep beraber ba\u015farmam\u0131z gerekiyor&#8221; dedi.<br \/><\/p>\n","protected":false},"excerpt":{"rendered":"<p>Sa\u011fl\u0131k Bakan\u0131 Prof. Dr. Kemal Memi\u015fo\u011flu, fazla kilo ve obeziteyle m\u00fccadele kapsam\u0131nda bug\u00fcne kadar 10 milyon ki\u015finin kilo ve boy \u00f6l\u00e7\u00fcm\u00fcn\u00fc ger\u00e7ekle\u015ftirdiklerini belirterek, &#8220;\u00d6l\u00e7\u00fcmlere g\u00f6re toplumun yakla\u015f\u0131k y\u00fczde 70\u2019i fazla kilolu, bunun y\u00fczde 25\u2019i ise obez. \u00d6zellikle vatanda\u015flar\u0131m\u0131z\u0131n sa\u011fl\u0131kl\u0131 bir ya\u015fam i\u00e7in kilo vermeye destek olmas\u0131n\u0131 bekliyoruz. \u00c7\u00fcnk\u00fc fazla kilo ya\u015fam kalitesini d\u00fc\u015f\u00fcr\u00fcyor, uyku d\u00fczenini&#8230;<\/p>\n","protected":false},"author":1,"featured_media":42851,"comment_status":"open","ping_status":"open","sticky":false,"template":"","format":"standard","meta":{"_crdt_document":"","footnotes":""},"categories":[2],"tags":[],"class_list":["post-42850","post","type-post","status-publish","format-standard","has-post-thumbnail","hentry","category-saglik"],"_links":{"self":[{"href":"https:\/\/www.egemtv.com\/index.php?rest_route=\/wp\/v2\/posts\/42850","targetHints":{"allow":["GET"]}}],"collection":[{"href":"https:\/\/www.egemtv.com\/index.php?rest_route=\/wp\/v2\/posts"}],"about":[{"href":"https:\/\/www.egemtv.com\/index.php?rest_route=\/wp\/v2\/types\/post"}],"author":[{"embeddable":true,"href":"https:\/\/www.egemtv.com\/index.php?rest_route=\/wp\/v2\/users\/1"}],"replies":[{"embeddable":true,"href":"https:\/\/www.egemtv.com\/index.php?rest_route=%2Fwp%2Fv2%2Fcomments&post=42850"}],"version-history":[{"count":1,"href":"https:\/\/www.egemtv.com\/index.php?rest_route=\/wp\/v2\/posts\/42850\/revisions"}],"predecessor-version":[{"id":42852,"href":"https:\/\/www.egemtv.com\/index.php?rest_route=\/wp\/v2\/posts\/42850\/revisions\/42852"}],"wp:featuredmedia":[{"embeddable":true,"href":"https:\/\/www.egemtv.com\/index.php?rest_route=\/wp\/v2\/media\/42851"}],"wp:attachment":[{"href":"https:\/\/www.egemtv.com\/index.php?rest_route=%2Fwp%2Fv2%2Fmedia&parent=42850"}],"wp:term":[{"taxonomy":"category","embeddable":true,"href":"https:\/\/www.egemtv.com\/index.php?rest_route=%2Fwp%2Fv2%2Fcategories&post=42850"},{"taxonomy":"post_tag","embeddable":true,"href":"https:\/\/www.egemtv.com\/index.php?rest_route=%2Fwp%2Fv2%2Ftags&post=42850"}],"curies":[{"name":"wp","href":"https:\/\/api.w.org\/{rel}","templated":true}]}}