{"id":42835,"date":"2025-07-18T10:56:03","date_gmt":"2025-07-18T07:56:03","guid":{"rendered":"https:\/\/www.egemtv.com\/?p=42835"},"modified":"2025-07-18T10:56:06","modified_gmt":"2025-07-18T07:56:06","slug":"baskan-eyup-kahveciden-atik-su-aritma-tesisi-personeline-tesekkur-ziyareti","status":"publish","type":"post","link":"https:\/\/www.egemtv.com\/?p=42835","title":{"rendered":"Ba\u015fkan Ey\u00fcp Kahveci\u2019den At\u0131k Su Ar\u0131tma Tesisi personeline te\u015fekk\u00fcr ziyareti"},"content":{"rendered":"<p>K\u00fctahya Belediye Ba\u015fkan\u0131 Ey\u00fcp Kahveci, Su ve Kanalizasyon M\u00fcd\u00fcrl\u00fc\u011f\u00fc\u2019ne ba\u011fl\u0131 At\u0131k Su Ar\u0131tma Tesisi\u2019ni ziyaret ederek, \u00f6zverili \u00e7al\u0131\u015fmalar\u0131yla dikkat \u00e7eken tesis personeliyle bir araya geldi.<br \/>\n<br \/>Ge\u00e7ti\u011fimiz g\u00fcnlerde tesisin teknik altyap\u0131s\u0131nda meydana gelen ar\u0131za, d\u0131\u015far\u0131dan herhangi bir destek al\u0131nmaks\u0131z\u0131n, belediye personelinin gayretiyle ba\u015far\u0131yla giderilmi\u015fti. Bu \u00f6rnek davran\u0131\u015f, Ba\u015fkan Kahveci taraf\u0131ndan b\u00fcy\u00fck bir takdirle kar\u015f\u0131land\u0131.<br \/>\n<br \/>Ziyaret s\u0131ras\u0131nda Belediye Ba\u015fkan Yard\u0131mc\u0131s\u0131 Osman Orta\u00e7l\u0131 ve Su ve Kanalizasyon M\u00fcd\u00fcr\u00fc Murat Yenido\u011fan da Ba\u015fkan Kahveci\u2019ye e\u015flik etti. Personelin eme\u011fini onurland\u0131rmak ad\u0131na beraberinde getirdi\u011fi baklavayla jest yapan Ba\u015fkan Kahveci, \u015fu ifadeleri kulland\u0131:<br \/>\n<br \/>&#8220;\u015eehrimizin altyap\u0131 hizmetlerinde b\u00fcy\u00fck emek veren k\u0131ymetli mesai arkada\u015flar\u0131m\u0131z\u0131n her biriyle gurur duyuyorum. Sadece g\u00f6revlerini yerine getirmekle kalmay\u0131p, kar\u015f\u0131la\u015ft\u0131klar\u0131 teknik ar\u0131zaya sahip \u00e7\u0131karak \u00e7\u00f6z\u00fcme ula\u015ft\u0131ran bu ekip ruhu, bizim en b\u00fcy\u00fck g\u00fcc\u00fcm\u00fczd\u00fcr.&#8221;<br \/>\n<br \/>At\u0131k Su Ar\u0131tma Tesisi \u00e7al\u0131\u015fanlar\u0131 da Belediye Ba\u015fkan\u0131 Ey\u00fcp Kahveci\u2019nin ziyareti ve takdir dolu s\u00f6zlerinden b\u00fcy\u00fck memnuniyet duyduklar\u0131n\u0131 belirtti. Ba\u015fkan Kahveci\u2019nin bu anlaml\u0131 ziyareti, belediye personeli aras\u0131nda moral ve motivasyonu art\u0131ran bir ad\u0131m olarak de\u011ferlendirildi.<br \/><\/p>\n","protected":false},"excerpt":{"rendered":"<p>K\u00fctahya Belediye Ba\u015fkan\u0131 Ey\u00fcp Kahveci, Su ve Kanalizasyon M\u00fcd\u00fcrl\u00fc\u011f\u00fc\u2019ne ba\u011fl\u0131 At\u0131k Su Ar\u0131tma Tesisi\u2019ni ziyaret ederek, \u00f6zverili \u00e7al\u0131\u015fmalar\u0131yla dikkat \u00e7eken tesis personeliyle bir araya geldi. Ge\u00e7ti\u011fimiz g\u00fcnlerde tesisin teknik altyap\u0131s\u0131nda meydana gelen ar\u0131za, d\u0131\u015far\u0131dan herhangi bir destek al\u0131nmaks\u0131z\u0131n, belediye personelinin gayretiyle ba\u015far\u0131yla giderilmi\u015fti. Bu \u00f6rnek davran\u0131\u015f, Ba\u015fkan Kahveci taraf\u0131ndan b\u00fcy\u00fck bir takdirle kar\u015f\u0131land\u0131. Ziyaret s\u0131ras\u0131nda&#8230;<\/p>\n","protected":false},"author":1,"featured_media":42836,"comment_status":"open","ping_status":"open","sticky":false,"template":"","format":"standard","meta":{"_crdt_document":"","footnotes":""},"categories":[1],"tags":[],"class_list":["post-42835","post","type-post","status-publish","format-standard","has-post-thumbnail","hentry","category-guncel"],"_links":{"self":[{"href":"https:\/\/www.egemtv.com\/index.php?rest_route=\/wp\/v2\/posts\/42835","targetHints":{"allow":["GET"]}}],"collection":[{"href":"https:\/\/www.egemtv.com\/index.php?rest_route=\/wp\/v2\/posts"}],"about":[{"href":"https:\/\/www.egemtv.com\/index.php?rest_route=\/wp\/v2\/types\/post"}],"author":[{"embeddable":true,"href":"https:\/\/www.egemtv.com\/index.php?rest_route=\/wp\/v2\/users\/1"}],"replies":[{"embeddable":true,"href":"https:\/\/www.egemtv.com\/index.php?rest_route=%2Fwp%2Fv2%2Fcomments&post=42835"}],"version-history":[{"count":1,"href":"https:\/\/www.egemtv.com\/index.php?rest_route=\/wp\/v2\/posts\/42835\/revisions"}],"predecessor-version":[{"id":42837,"href":"https:\/\/www.egemtv.com\/index.php?rest_route=\/wp\/v2\/posts\/42835\/revisions\/42837"}],"wp:featuredmedia":[{"embeddable":true,"href":"https:\/\/www.egemtv.com\/index.php?rest_route=\/wp\/v2\/media\/42836"}],"wp:attachment":[{"href":"https:\/\/www.egemtv.com\/index.php?rest_route=%2Fwp%2Fv2%2Fmedia&parent=42835"}],"wp:term":[{"taxonomy":"category","embeddable":true,"href":"https:\/\/www.egemtv.com\/index.php?rest_route=%2Fwp%2Fv2%2Fcategories&post=42835"},{"taxonomy":"post_tag","embeddable":true,"href":"https:\/\/www.egemtv.com\/index.php?rest_route=%2Fwp%2Fv2%2Ftags&post=42835"}],"curies":[{"name":"wp","href":"https:\/\/api.w.org\/{rel}","templated":true}]}}