{"id":42826,"date":"2025-07-18T10:55:51","date_gmt":"2025-07-18T07:55:51","guid":{"rendered":"https:\/\/www.egemtv.com\/?p=42826"},"modified":"2025-07-18T10:55:57","modified_gmt":"2025-07-18T07:55:57","slug":"germencikte-durdurulan-aracta-uyusturucu-ele-gecirildi","status":"publish","type":"post","link":"https:\/\/www.egemtv.com\/?p=42826","title":{"rendered":"Germencik\u2019te durdurulan ara\u00e7ta uyu\u015fturucu ele ge\u00e7irildi"},"content":{"rendered":"<p>Ayd\u0131n\u2019\u0131n Germencik il\u00e7esinde jandarma ekipleri taraf\u0131ndan durdurulan ara\u00e7ta uyu\u015fturucu madde ele ge\u00e7irildi.<br \/>\n<br \/>H\u0131d\u0131rbeyli Otoyol Jandarma Karakol Komutanl\u0131\u011f\u0131 taraf\u0131ndan \u0130zmir-Ayd\u0131n Otoyolu Germencik gi\u015felerinde yol kontrol\u00fc faaliyeti esnas\u0131nda durdurulan bir ara\u00e7ta bulunan 2 \u015fahs\u0131n hal ve hareketlerinden \u015f\u00fcphelenilmesi ve ara\u00e7 i\u00e7erisinde g\u00f6zle g\u00f6r\u00fcnebilecek bir \u015fekilde \u015fof\u00f6r koltu\u011fu ile gaz pedal\u0131 aras\u0131nda uyu\u015fturucu madde oldu\u011fu de\u011ferlendirilen malzeme tespit edildi. Adli makamlardan al\u0131nan karara istinaden uyu\u015fturucu madde k\u00f6pe\u011fi ile de ara\u00e7 i\u00e7erisinde yap\u0131lan aramada, bir miktar kokain, 100 Gram kubar esrar ele ge\u00e7irildi. Yakalanan K.C.B. ve K.S. isimli \u015f\u00fcpheli \u015fah\u0131slar\u0131n yap\u0131lan testlerinde uyu\u015fturucu madde kulland\u0131klar\u0131 tespit edildi. \u015eof\u00f6r hakk\u0131nda ayr\u0131ca 2918 Say\u0131l\u0131 Karayollar\u0131 Trafik Kanunu kapsam\u0131nda idari i\u015flem yap\u0131ld\u0131. Olayla ilgili adli s\u00fcrecin devam etti\u011fi \u00f6\u011frenildi.<br \/><\/p>\n","protected":false},"excerpt":{"rendered":"<p>Ayd\u0131n\u2019\u0131n Germencik il\u00e7esinde jandarma ekipleri taraf\u0131ndan durdurulan ara\u00e7ta uyu\u015fturucu madde ele ge\u00e7irildi. H\u0131d\u0131rbeyli Otoyol Jandarma Karakol Komutanl\u0131\u011f\u0131 taraf\u0131ndan \u0130zmir-Ayd\u0131n Otoyolu Germencik gi\u015felerinde yol kontrol\u00fc faaliyeti esnas\u0131nda durdurulan bir ara\u00e7ta bulunan 2 \u015fahs\u0131n hal ve hareketlerinden \u015f\u00fcphelenilmesi ve ara\u00e7 i\u00e7erisinde g\u00f6zle g\u00f6r\u00fcnebilecek bir \u015fekilde \u015fof\u00f6r koltu\u011fu ile gaz pedal\u0131 aras\u0131nda uyu\u015fturucu madde oldu\u011fu de\u011ferlendirilen malzeme tespit&#8230;<\/p>\n","protected":false},"author":1,"featured_media":42827,"comment_status":"open","ping_status":"open","sticky":false,"template":"","format":"standard","meta":{"_crdt_document":"","footnotes":""},"categories":[1],"tags":[],"class_list":["post-42826","post","type-post","status-publish","format-standard","has-post-thumbnail","hentry","category-guncel"],"_links":{"self":[{"href":"https:\/\/www.egemtv.com\/index.php?rest_route=\/wp\/v2\/posts\/42826","targetHints":{"allow":["GET"]}}],"collection":[{"href":"https:\/\/www.egemtv.com\/index.php?rest_route=\/wp\/v2\/posts"}],"about":[{"href":"https:\/\/www.egemtv.com\/index.php?rest_route=\/wp\/v2\/types\/post"}],"author":[{"embeddable":true,"href":"https:\/\/www.egemtv.com\/index.php?rest_route=\/wp\/v2\/users\/1"}],"replies":[{"embeddable":true,"href":"https:\/\/www.egemtv.com\/index.php?rest_route=%2Fwp%2Fv2%2Fcomments&post=42826"}],"version-history":[{"count":1,"href":"https:\/\/www.egemtv.com\/index.php?rest_route=\/wp\/v2\/posts\/42826\/revisions"}],"predecessor-version":[{"id":42828,"href":"https:\/\/www.egemtv.com\/index.php?rest_route=\/wp\/v2\/posts\/42826\/revisions\/42828"}],"wp:featuredmedia":[{"embeddable":true,"href":"https:\/\/www.egemtv.com\/index.php?rest_route=\/wp\/v2\/media\/42827"}],"wp:attachment":[{"href":"https:\/\/www.egemtv.com\/index.php?rest_route=%2Fwp%2Fv2%2Fmedia&parent=42826"}],"wp:term":[{"taxonomy":"category","embeddable":true,"href":"https:\/\/www.egemtv.com\/index.php?rest_route=%2Fwp%2Fv2%2Fcategories&post=42826"},{"taxonomy":"post_tag","embeddable":true,"href":"https:\/\/www.egemtv.com\/index.php?rest_route=%2Fwp%2Fv2%2Ftags&post=42826"}],"curies":[{"name":"wp","href":"https:\/\/api.w.org\/{rel}","templated":true}]}}