{"id":42823,"date":"2025-07-18T10:36:19","date_gmt":"2025-07-18T07:36:19","guid":{"rendered":"https:\/\/www.egemtv.com\/?p=42823"},"modified":"2025-07-18T10:36:22","modified_gmt":"2025-07-18T07:36:22","slug":"kutahyaspor-alt-yapisinda-yeni-donem","status":"publish","type":"post","link":"https:\/\/www.egemtv.com\/?p=42823","title":{"rendered":"K\u00fctahyaspor alt yap\u0131s\u0131nda yeni d\u00f6nem"},"content":{"rendered":"<p>Ge\u00e7ti\u011fimiz sezon iki ya\u015f grubunda liglere kat\u0131l\u0131m sa\u011flayan K\u00fctahyaspor, bu sezon U-19 tak\u0131m\u0131yla Elit Lige davet edilerek \u00f6nemli bir ba\u015far\u0131ya imza att\u0131. Kul\u00fcp, hem teknik ekip yap\u0131lanmas\u0131 hem de yeni oyuncu se\u00e7meleriyle yo\u011fun bir g\u00fcn ge\u00e7irdi.<br \/>\n<br \/>K\u00fctahyaspor Kul\u00fcp binas\u0131nda ger\u00e7ekle\u015ftirilen g\u00f6r\u00fc\u015fmeler sonucunda alt yap\u0131 organizasyonunda g\u00f6rev alacak isimler netle\u015fti. Y\u00f6netim kurulundan Ceyhun Tekdemir ve Ali Y\u0131ld\u0131z, alt yap\u0131 sorumlular\u0131 olarak belirlendi.<br \/>\n<br \/>Alt yap\u0131 se\u00e7melerinde yo\u011fun bir kat\u0131l\u0131m g\u00f6zlenirken, gen\u00e7 yeteneklerin performanslar\u0131 titizlikle takip edildi. Se\u00e7meleri, sadece alt yap\u0131 ekibi de\u011fil, ayn\u0131 zamanda A Tak\u0131m Teknik Direkt\u00f6r\u00fc \u0130lker Avc\u0131bay ve ekibi de yak\u0131ndan izledi. Yap\u0131lan de\u011ferlendirmeler sonucunda 8 oyuncu, K\u00fctahyaspor Akademi kamp kadrosuna dahil edildi.<br \/>\n<br \/>Ayr\u0131ca K\u00fctahya\u2019dan da 3 gen\u00e7 yetenek, \u00e7al\u0131\u015fmalara dahil edildi. Se\u00e7ilen futbolcular, mevcut akademi tak\u0131mlar\u0131yla antrenmanlara ba\u015flayarak, sergileyecekleri performansa g\u00f6re yeni sezon yap\u0131lanmas\u0131nda kendilerine yer bulabilecekler.<br \/><\/p>\n","protected":false},"excerpt":{"rendered":"<p>Ge\u00e7ti\u011fimiz sezon iki ya\u015f grubunda liglere kat\u0131l\u0131m sa\u011flayan K\u00fctahyaspor, bu sezon U-19 tak\u0131m\u0131yla Elit Lige davet edilerek \u00f6nemli bir ba\u015far\u0131ya imza att\u0131. Kul\u00fcp, hem teknik ekip yap\u0131lanmas\u0131 hem de yeni oyuncu se\u00e7meleriyle yo\u011fun bir g\u00fcn ge\u00e7irdi. K\u00fctahyaspor Kul\u00fcp binas\u0131nda ger\u00e7ekle\u015ftirilen g\u00f6r\u00fc\u015fmeler sonucunda alt yap\u0131 organizasyonunda g\u00f6rev alacak isimler netle\u015fti. Y\u00f6netim kurulundan Ceyhun Tekdemir ve Ali&#8230;<\/p>\n","protected":false},"author":1,"featured_media":42824,"comment_status":"open","ping_status":"open","sticky":false,"template":"","format":"standard","meta":{"_crdt_document":"","footnotes":""},"categories":[4],"tags":[],"class_list":["post-42823","post","type-post","status-publish","format-standard","has-post-thumbnail","hentry","category-spor"],"_links":{"self":[{"href":"https:\/\/www.egemtv.com\/index.php?rest_route=\/wp\/v2\/posts\/42823","targetHints":{"allow":["GET"]}}],"collection":[{"href":"https:\/\/www.egemtv.com\/index.php?rest_route=\/wp\/v2\/posts"}],"about":[{"href":"https:\/\/www.egemtv.com\/index.php?rest_route=\/wp\/v2\/types\/post"}],"author":[{"embeddable":true,"href":"https:\/\/www.egemtv.com\/index.php?rest_route=\/wp\/v2\/users\/1"}],"replies":[{"embeddable":true,"href":"https:\/\/www.egemtv.com\/index.php?rest_route=%2Fwp%2Fv2%2Fcomments&post=42823"}],"version-history":[{"count":1,"href":"https:\/\/www.egemtv.com\/index.php?rest_route=\/wp\/v2\/posts\/42823\/revisions"}],"predecessor-version":[{"id":42825,"href":"https:\/\/www.egemtv.com\/index.php?rest_route=\/wp\/v2\/posts\/42823\/revisions\/42825"}],"wp:featuredmedia":[{"embeddable":true,"href":"https:\/\/www.egemtv.com\/index.php?rest_route=\/wp\/v2\/media\/42824"}],"wp:attachment":[{"href":"https:\/\/www.egemtv.com\/index.php?rest_route=%2Fwp%2Fv2%2Fmedia&parent=42823"}],"wp:term":[{"taxonomy":"category","embeddable":true,"href":"https:\/\/www.egemtv.com\/index.php?rest_route=%2Fwp%2Fv2%2Fcategories&post=42823"},{"taxonomy":"post_tag","embeddable":true,"href":"https:\/\/www.egemtv.com\/index.php?rest_route=%2Fwp%2Fv2%2Ftags&post=42823"}],"curies":[{"name":"wp","href":"https:\/\/api.w.org\/{rel}","templated":true}]}}