{"id":42820,"date":"2025-07-18T10:36:16","date_gmt":"2025-07-18T07:36:16","guid":{"rendered":"https:\/\/www.egemtv.com\/?p=42820"},"modified":"2025-07-18T10:36:19","modified_gmt":"2025-07-18T07:36:19","slug":"huzurevinde-nesiller-arasi-gonul-koprusu","status":"publish","type":"post","link":"https:\/\/www.egemtv.com\/?p=42820","title":{"rendered":"Huzurevinde nesiller aras\u0131 g\u00f6n\u00fcl k\u00f6pr\u00fcs\u00fc"},"content":{"rendered":"<p>Afyonkarahisar Sand\u0131kl\u0131 Gen\u00e7lik Merkezi i\u015f birli\u011fiyle H\u00fcseyin Develi Huzurevi\u2019nde anlaml\u0131 bir do\u011fum g\u00fcn\u00fc etkinli\u011fi d\u00fczenlendi. Etkinlikte huzurevi sakinleri ile gen\u00e7ler bir araya gelerek keyifli anlar ya\u015fad\u0131.<br \/>\n<br \/>Program, gen\u00e7lerin gitar e\u015fli\u011finde sundu\u011fu m\u00fczik dinletisiyle ba\u015flad\u0131. Ard\u0131ndan d\u00fczenlenen \u00e7e\u015fitli oyunlar ve samimi sohbetlerle devam eden etkinlikte, hem b\u00fcy\u00fckler hem de gen\u00e7ler unutulmaz bir g\u00fcn ge\u00e7irdi. Etkinlik, gen\u00e7 ku\u015faklarla ya\u015f alm\u0131\u015f bireyler aras\u0131nda g\u00f6n\u00fcl k\u00f6pr\u00fcs\u00fc kurulmas\u0131na vesile oldu.<br \/><\/p>\n","protected":false},"excerpt":{"rendered":"<p>Afyonkarahisar Sand\u0131kl\u0131 Gen\u00e7lik Merkezi i\u015f birli\u011fiyle H\u00fcseyin Develi Huzurevi\u2019nde anlaml\u0131 bir do\u011fum g\u00fcn\u00fc etkinli\u011fi d\u00fczenlendi. Etkinlikte huzurevi sakinleri ile gen\u00e7ler bir araya gelerek keyifli anlar ya\u015fad\u0131. Program, gen\u00e7lerin gitar e\u015fli\u011finde sundu\u011fu m\u00fczik dinletisiyle ba\u015flad\u0131. Ard\u0131ndan d\u00fczenlenen \u00e7e\u015fitli oyunlar ve samimi sohbetlerle devam eden etkinlikte, hem b\u00fcy\u00fckler hem de gen\u00e7ler unutulmaz bir g\u00fcn ge\u00e7irdi. Etkinlik, gen\u00e7&#8230;<\/p>\n","protected":false},"author":1,"featured_media":42821,"comment_status":"open","ping_status":"open","sticky":false,"template":"","format":"standard","meta":{"_crdt_document":"","footnotes":""},"categories":[1],"tags":[],"class_list":["post-42820","post","type-post","status-publish","format-standard","has-post-thumbnail","hentry","category-guncel"],"_links":{"self":[{"href":"https:\/\/www.egemtv.com\/index.php?rest_route=\/wp\/v2\/posts\/42820","targetHints":{"allow":["GET"]}}],"collection":[{"href":"https:\/\/www.egemtv.com\/index.php?rest_route=\/wp\/v2\/posts"}],"about":[{"href":"https:\/\/www.egemtv.com\/index.php?rest_route=\/wp\/v2\/types\/post"}],"author":[{"embeddable":true,"href":"https:\/\/www.egemtv.com\/index.php?rest_route=\/wp\/v2\/users\/1"}],"replies":[{"embeddable":true,"href":"https:\/\/www.egemtv.com\/index.php?rest_route=%2Fwp%2Fv2%2Fcomments&post=42820"}],"version-history":[{"count":1,"href":"https:\/\/www.egemtv.com\/index.php?rest_route=\/wp\/v2\/posts\/42820\/revisions"}],"predecessor-version":[{"id":42822,"href":"https:\/\/www.egemtv.com\/index.php?rest_route=\/wp\/v2\/posts\/42820\/revisions\/42822"}],"wp:featuredmedia":[{"embeddable":true,"href":"https:\/\/www.egemtv.com\/index.php?rest_route=\/wp\/v2\/media\/42821"}],"wp:attachment":[{"href":"https:\/\/www.egemtv.com\/index.php?rest_route=%2Fwp%2Fv2%2Fmedia&parent=42820"}],"wp:term":[{"taxonomy":"category","embeddable":true,"href":"https:\/\/www.egemtv.com\/index.php?rest_route=%2Fwp%2Fv2%2Fcategories&post=42820"},{"taxonomy":"post_tag","embeddable":true,"href":"https:\/\/www.egemtv.com\/index.php?rest_route=%2Fwp%2Fv2%2Ftags&post=42820"}],"curies":[{"name":"wp","href":"https:\/\/api.w.org\/{rel}","templated":true}]}}