{"id":42817,"date":"2025-07-18T10:36:13","date_gmt":"2025-07-18T07:36:13","guid":{"rendered":"https:\/\/www.egemtv.com\/?p=42817"},"modified":"2025-07-18T10:36:16","modified_gmt":"2025-07-18T07:36:16","slug":"kaymakam-yosunkayadan-kurumlara-ziyaret","status":"publish","type":"post","link":"https:\/\/www.egemtv.com\/?p=42817","title":{"rendered":"Kaymakam Yosunkaya\u2019dan kurumlara ziyaret"},"content":{"rendered":"<p>Afyonkarahisar Sand\u0131kl\u0131 Kaymakam\u0131 Sel\u00e7uk Yosunkaya, il\u00e7ede g\u00f6rev yapan kamu kurumlar\u0131na ger\u00e7ekle\u015ftirdi\u011fi ziyaretlerle \u00e7al\u0131\u015fmalar hakk\u0131nda bilgi ald\u0131.<br \/>\n<br \/>Ziyaretler \u00e7er\u00e7evesinde \u0130l\u00e7e Emniyet M\u00fcd\u00fcrl\u00fc\u011f\u00fc, \u0130l\u00e7e Jandarma Komutanl\u0131\u011f\u0131, \u0130l\u00e7e Milli E\u011fitim M\u00fcd\u00fcrl\u00fc\u011f\u00fc ve \u0130l\u00e7e Sa\u011fl\u0131k M\u00fcd\u00fcrl\u00fc\u011f\u00fc\u2019ne giden Kaymakam Yosunkaya, kurum amirleriyle bir araya geldi. Yap\u0131lan \u00e7al\u0131\u015fmalar\u0131 yerinde inceleyen Yosunkaya, kamu hizmetlerinin etkin ve verimli \u015fekilde s\u00fcrd\u00fcr\u00fclmesi ad\u0131na kurumlar aras\u0131 koordinasyonun \u00f6nemine dikkat \u00e7ekti. Kurum personeline \u00e7al\u0131\u015fmalar\u0131nda ba\u015far\u0131lar dileyen Kaymakam Yosunkaya, vatanda\u015flara daha iyi hizmet sunulmas\u0131 i\u00e7in desteklerinin s\u00fcrece\u011fini ifade etti.<br \/><\/p>\n","protected":false},"excerpt":{"rendered":"<p>Afyonkarahisar Sand\u0131kl\u0131 Kaymakam\u0131 Sel\u00e7uk Yosunkaya, il\u00e7ede g\u00f6rev yapan kamu kurumlar\u0131na ger\u00e7ekle\u015ftirdi\u011fi ziyaretlerle \u00e7al\u0131\u015fmalar hakk\u0131nda bilgi ald\u0131. Ziyaretler \u00e7er\u00e7evesinde \u0130l\u00e7e Emniyet M\u00fcd\u00fcrl\u00fc\u011f\u00fc, \u0130l\u00e7e Jandarma Komutanl\u0131\u011f\u0131, \u0130l\u00e7e Milli E\u011fitim M\u00fcd\u00fcrl\u00fc\u011f\u00fc ve \u0130l\u00e7e Sa\u011fl\u0131k M\u00fcd\u00fcrl\u00fc\u011f\u00fc\u2019ne giden Kaymakam Yosunkaya, kurum amirleriyle bir araya geldi. Yap\u0131lan \u00e7al\u0131\u015fmalar\u0131 yerinde inceleyen Yosunkaya, kamu hizmetlerinin etkin ve verimli \u015fekilde s\u00fcrd\u00fcr\u00fclmesi ad\u0131na kurumlar aras\u0131&#8230;<\/p>\n","protected":false},"author":1,"featured_media":42818,"comment_status":"open","ping_status":"open","sticky":false,"template":"","format":"standard","meta":{"_crdt_document":"","footnotes":""},"categories":[1],"tags":[],"class_list":["post-42817","post","type-post","status-publish","format-standard","has-post-thumbnail","hentry","category-guncel"],"_links":{"self":[{"href":"https:\/\/www.egemtv.com\/index.php?rest_route=\/wp\/v2\/posts\/42817","targetHints":{"allow":["GET"]}}],"collection":[{"href":"https:\/\/www.egemtv.com\/index.php?rest_route=\/wp\/v2\/posts"}],"about":[{"href":"https:\/\/www.egemtv.com\/index.php?rest_route=\/wp\/v2\/types\/post"}],"author":[{"embeddable":true,"href":"https:\/\/www.egemtv.com\/index.php?rest_route=\/wp\/v2\/users\/1"}],"replies":[{"embeddable":true,"href":"https:\/\/www.egemtv.com\/index.php?rest_route=%2Fwp%2Fv2%2Fcomments&post=42817"}],"version-history":[{"count":1,"href":"https:\/\/www.egemtv.com\/index.php?rest_route=\/wp\/v2\/posts\/42817\/revisions"}],"predecessor-version":[{"id":42819,"href":"https:\/\/www.egemtv.com\/index.php?rest_route=\/wp\/v2\/posts\/42817\/revisions\/42819"}],"wp:featuredmedia":[{"embeddable":true,"href":"https:\/\/www.egemtv.com\/index.php?rest_route=\/wp\/v2\/media\/42818"}],"wp:attachment":[{"href":"https:\/\/www.egemtv.com\/index.php?rest_route=%2Fwp%2Fv2%2Fmedia&parent=42817"}],"wp:term":[{"taxonomy":"category","embeddable":true,"href":"https:\/\/www.egemtv.com\/index.php?rest_route=%2Fwp%2Fv2%2Fcategories&post=42817"},{"taxonomy":"post_tag","embeddable":true,"href":"https:\/\/www.egemtv.com\/index.php?rest_route=%2Fwp%2Fv2%2Ftags&post=42817"}],"curies":[{"name":"wp","href":"https:\/\/api.w.org\/{rel}","templated":true}]}}