{"id":42814,"date":"2025-07-18T10:36:10","date_gmt":"2025-07-18T07:36:10","guid":{"rendered":"https:\/\/www.egemtv.com\/?p=42814"},"modified":"2025-07-18T10:36:13","modified_gmt":"2025-07-18T07:36:13","slug":"simavda-jeotermal-kaynaklar-daha-etkin-kullanilacak","status":"publish","type":"post","link":"https:\/\/www.egemtv.com\/?p=42814","title":{"rendered":"Simav\u2019da jeotermal kaynaklar daha etkin kullan\u0131lacak"},"content":{"rendered":"<p>K\u00fctahya\u2019n\u0131n Simav il\u00e7esindeki jeotermal kaynaklar\u0131n daha etkin ve verimli \u015fekilde de\u011ferlendirilmesi amac\u0131yla bir toplant\u0131 ger\u00e7ekle\u015ftirildi.<br \/>\n<br \/>K\u00fctahya Valisi Musa I\u015f\u0131n\u2019\u0131n ba\u015fkanl\u0131\u011f\u0131nda d\u00fczenlenen toplant\u0131ya, Simav Kaymakam\u0131 B\u00fcnyamin Karalo\u011flu ve Simav Belediye Ba\u015fkan\u0131 K\u00fcbra Tekel Aktulun da kat\u0131ld\u0131. Toplant\u0131da, il\u00e7ede bulunan jeotermal enerji potansiyelinin ba\u015fta konut \u0131s\u0131tmas\u0131 olmak \u00fczere, sera tar\u0131m\u0131, termal turizm ve sanayi gibi alanlarda de\u011ferlendirilmesine y\u00f6nelik mevcut durum masaya yat\u0131r\u0131ld\u0131. Ayr\u0131ca kar\u015f\u0131la\u015f\u0131lan sorunlar ve bu sorunlara y\u00f6nelik \u00e7\u00f6z\u00fcm \u00f6nerileri de ele al\u0131nd\u0131.<br \/>\n<br \/>Jeotermal kaynaklar\u0131n s\u00fcrd\u00fcr\u00fclebilir bir yakla\u015f\u0131mla ve do\u011fru planlamalarla y\u00f6netilmesi gerekti\u011fini belirten Vali Musa I\u015f\u0131n, b\u00f6lgedeki do\u011fal zenginliklerin ekonomiye katk\u0131 sa\u011flayacak \u015fekilde de\u011ferlendirilmesinin \u00f6nemine dikkat \u00e7ekti. Vali I\u015f\u0131n, bu s\u00fcre\u00e7te t\u00fcm kurumlar\u0131n i\u015f birli\u011fi ve koordinasyon i\u00e7inde hareket etmesinin b\u00fcy\u00fck \u00f6nem ta\u015f\u0131d\u0131\u011f\u0131n\u0131 vurgulad\u0131.<br \/><\/p>\n","protected":false},"excerpt":{"rendered":"<p>K\u00fctahya\u2019n\u0131n Simav il\u00e7esindeki jeotermal kaynaklar\u0131n daha etkin ve verimli \u015fekilde de\u011ferlendirilmesi amac\u0131yla bir toplant\u0131 ger\u00e7ekle\u015ftirildi. K\u00fctahya Valisi Musa I\u015f\u0131n\u2019\u0131n ba\u015fkanl\u0131\u011f\u0131nda d\u00fczenlenen toplant\u0131ya, Simav Kaymakam\u0131 B\u00fcnyamin Karalo\u011flu ve Simav Belediye Ba\u015fkan\u0131 K\u00fcbra Tekel Aktulun da kat\u0131ld\u0131. Toplant\u0131da, il\u00e7ede bulunan jeotermal enerji potansiyelinin ba\u015fta konut \u0131s\u0131tmas\u0131 olmak \u00fczere, sera tar\u0131m\u0131, termal turizm ve sanayi gibi alanlarda de\u011ferlendirilmesine&#8230;<\/p>\n","protected":false},"author":1,"featured_media":42815,"comment_status":"open","ping_status":"open","sticky":false,"template":"","format":"standard","meta":{"_crdt_document":"","footnotes":""},"categories":[123],"tags":[],"class_list":["post-42814","post","type-post","status-publish","format-standard","has-post-thumbnail","hentry","category-gundem"],"_links":{"self":[{"href":"https:\/\/www.egemtv.com\/index.php?rest_route=\/wp\/v2\/posts\/42814","targetHints":{"allow":["GET"]}}],"collection":[{"href":"https:\/\/www.egemtv.com\/index.php?rest_route=\/wp\/v2\/posts"}],"about":[{"href":"https:\/\/www.egemtv.com\/index.php?rest_route=\/wp\/v2\/types\/post"}],"author":[{"embeddable":true,"href":"https:\/\/www.egemtv.com\/index.php?rest_route=\/wp\/v2\/users\/1"}],"replies":[{"embeddable":true,"href":"https:\/\/www.egemtv.com\/index.php?rest_route=%2Fwp%2Fv2%2Fcomments&post=42814"}],"version-history":[{"count":1,"href":"https:\/\/www.egemtv.com\/index.php?rest_route=\/wp\/v2\/posts\/42814\/revisions"}],"predecessor-version":[{"id":42816,"href":"https:\/\/www.egemtv.com\/index.php?rest_route=\/wp\/v2\/posts\/42814\/revisions\/42816"}],"wp:featuredmedia":[{"embeddable":true,"href":"https:\/\/www.egemtv.com\/index.php?rest_route=\/wp\/v2\/media\/42815"}],"wp:attachment":[{"href":"https:\/\/www.egemtv.com\/index.php?rest_route=%2Fwp%2Fv2%2Fmedia&parent=42814"}],"wp:term":[{"taxonomy":"category","embeddable":true,"href":"https:\/\/www.egemtv.com\/index.php?rest_route=%2Fwp%2Fv2%2Fcategories&post=42814"},{"taxonomy":"post_tag","embeddable":true,"href":"https:\/\/www.egemtv.com\/index.php?rest_route=%2Fwp%2Fv2%2Ftags&post=42814"}],"curies":[{"name":"wp","href":"https:\/\/api.w.org\/{rel}","templated":true}]}}