{"id":42811,"date":"2025-07-18T10:36:08","date_gmt":"2025-07-18T07:36:08","guid":{"rendered":"https:\/\/www.egemtv.com\/?p=42811"},"modified":"2025-07-18T10:36:10","modified_gmt":"2025-07-18T07:36:10","slug":"polisler-esnaflari-bilgilendirdi","status":"publish","type":"post","link":"https:\/\/www.egemtv.com\/?p=42811","title":{"rendered":"Polisler esnaflar\u0131 bilgilendirdi"},"content":{"rendered":"<p>Afyonkarahisar \u0130l Emniyet M\u00fcd\u00fcrl\u00fc\u011f\u00fc ekipleri, vatanda\u015flar\u0131 bilin\u00e7lendirme \u00e7al\u0131\u015fmalar\u0131na \u00e7er\u00e7evesinde Ambaryolu ve Ye\u015filyol b\u00f6lgelerinde hizmet veren esnaflar ziyaret ederek g\u00fcvenlik konular\u0131nda bilgilendirmede bulundu.<br \/>\n<br \/>Afyonkarahisar \u0130l Emniyet M\u00fcd\u00fcrl\u00fc\u011f\u00fc ekipleri, \u015fehir merkezinde vatanda\u015flar\u0131 bilin\u00e7lendirme \u00e7al\u0131\u015fmalar\u0131na devam ediyor. Bu \u00e7er\u00e7evede Ambaryolu ve Ye\u015filyol b\u00f6lgelerinde hizmet veren esnaflar ziyaret edilerek g\u00fcvenlik konular\u0131nda bilgilendirmede bulunuldu. Yap\u0131lan \u00e7al\u0131\u015fmalarda doland\u0131r\u0131c\u0131l\u0131k ve h\u0131rs\u0131zl\u0131k gibi olaylara kar\u015f\u0131 al\u0131nabilecek \u00f6nlemler hakk\u0131nda bilgi verilirken, 112 Acil \u00c7a\u011fr\u0131 Hatt\u0131\u2019n\u0131n do\u011fru ve etkin kullan\u0131m\u0131 konusunda da fark\u0131ndal\u0131k olu\u015fturulmas\u0131 hedeflendi. Emniyet yetkilileri, bu t\u00fcr saha \u00e7al\u0131\u015fmalar\u0131n\u0131n su\u00e7un \u00f6nlenmesi, halk\u0131n bilin\u00e7 d\u00fczeyinin art\u0131r\u0131lmas\u0131 ve kolluk kuvvetleri ile vatanda\u015flar aras\u0131ndaki ileti\u015fimin g\u00fc\u00e7lendirilmesi a\u00e7\u0131s\u0131ndan \u00f6nemli oldu\u011funu belirtti. \u0130l Emniyet M\u00fcd\u00fcrl\u00fc\u011f\u00fc, bilgilendirme faaliyetlerinin kent genelinde farkl\u0131 b\u00f6lgelerde de devam edece\u011fini a\u00e7\u0131klad\u0131.<br \/><\/p>\n","protected":false},"excerpt":{"rendered":"<p>Afyonkarahisar \u0130l Emniyet M\u00fcd\u00fcrl\u00fc\u011f\u00fc ekipleri, vatanda\u015flar\u0131 bilin\u00e7lendirme \u00e7al\u0131\u015fmalar\u0131na \u00e7er\u00e7evesinde Ambaryolu ve Ye\u015filyol b\u00f6lgelerinde hizmet veren esnaflar ziyaret ederek g\u00fcvenlik konular\u0131nda bilgilendirmede bulundu. Afyonkarahisar \u0130l Emniyet M\u00fcd\u00fcrl\u00fc\u011f\u00fc ekipleri, \u015fehir merkezinde vatanda\u015flar\u0131 bilin\u00e7lendirme \u00e7al\u0131\u015fmalar\u0131na devam ediyor. Bu \u00e7er\u00e7evede Ambaryolu ve Ye\u015filyol b\u00f6lgelerinde hizmet veren esnaflar ziyaret edilerek g\u00fcvenlik konular\u0131nda bilgilendirmede bulunuldu. Yap\u0131lan \u00e7al\u0131\u015fmalarda doland\u0131r\u0131c\u0131l\u0131k ve h\u0131rs\u0131zl\u0131k gibi&#8230;<\/p>\n","protected":false},"author":1,"featured_media":42812,"comment_status":"open","ping_status":"open","sticky":false,"template":"","format":"standard","meta":{"_crdt_document":"","footnotes":""},"categories":[5],"tags":[],"class_list":["post-42811","post","type-post","status-publish","format-standard","has-post-thumbnail","hentry","category-asayis"],"_links":{"self":[{"href":"https:\/\/www.egemtv.com\/index.php?rest_route=\/wp\/v2\/posts\/42811","targetHints":{"allow":["GET"]}}],"collection":[{"href":"https:\/\/www.egemtv.com\/index.php?rest_route=\/wp\/v2\/posts"}],"about":[{"href":"https:\/\/www.egemtv.com\/index.php?rest_route=\/wp\/v2\/types\/post"}],"author":[{"embeddable":true,"href":"https:\/\/www.egemtv.com\/index.php?rest_route=\/wp\/v2\/users\/1"}],"replies":[{"embeddable":true,"href":"https:\/\/www.egemtv.com\/index.php?rest_route=%2Fwp%2Fv2%2Fcomments&post=42811"}],"version-history":[{"count":1,"href":"https:\/\/www.egemtv.com\/index.php?rest_route=\/wp\/v2\/posts\/42811\/revisions"}],"predecessor-version":[{"id":42813,"href":"https:\/\/www.egemtv.com\/index.php?rest_route=\/wp\/v2\/posts\/42811\/revisions\/42813"}],"wp:featuredmedia":[{"embeddable":true,"href":"https:\/\/www.egemtv.com\/index.php?rest_route=\/wp\/v2\/media\/42812"}],"wp:attachment":[{"href":"https:\/\/www.egemtv.com\/index.php?rest_route=%2Fwp%2Fv2%2Fmedia&parent=42811"}],"wp:term":[{"taxonomy":"category","embeddable":true,"href":"https:\/\/www.egemtv.com\/index.php?rest_route=%2Fwp%2Fv2%2Fcategories&post=42811"},{"taxonomy":"post_tag","embeddable":true,"href":"https:\/\/www.egemtv.com\/index.php?rest_route=%2Fwp%2Fv2%2Ftags&post=42811"}],"curies":[{"name":"wp","href":"https:\/\/api.w.org\/{rel}","templated":true}]}}