{"id":42805,"date":"2025-07-18T09:55:00","date_gmt":"2025-07-18T06:55:00","guid":{"rendered":"https:\/\/www.egemtv.com\/?p=42805"},"modified":"2025-07-18T09:55:02","modified_gmt":"2025-07-18T06:55:02","slug":"karacasuda-yuzme-havuzu-bugun-aciliyor","status":"publish","type":"post","link":"https:\/\/www.egemtv.com\/?p=42805","title":{"rendered":"Karacasu\u2019da y\u00fczme havuzu bug\u00fcn a\u00e7\u0131l\u0131yor"},"content":{"rendered":"<p>Karacasu Belediyesi taraf\u0131ndan hizmete sunulan y\u00fczme havuzu bug\u00fcn vatanda\u015flar\u0131n hizmetine sunulacak.<\/p>\n<p>Karacasu Belediyesi\u2019nden yap\u0131lan a\u00e7\u0131klamada, &#8220;Belediyemiz taraf\u0131ndan vatanda\u015flar\u0131m\u0131z\u0131n hizmetine sunulan y\u00fczme havuzumuz, 18 Temmuz 2025 Cuma g\u00fcn\u00fc itibar\u0131yla faaliyete ge\u00e7ecektir. \u00c7al\u0131\u015fma Saatleri 11.00 &#8211; 00.00 aras\u0131ndad\u0131r. Per\u015fembe g\u00fcnleri kad\u0131nlara \u00f6zel kullan\u0131m g\u00fcn\u00fcd\u00fcr. T\u00fcm hem\u015fehrilerimizi sa\u011fl\u0131kl\u0131, g\u00fcvenli ve keyifli bir yaz sezonu i\u00e7in havuzumuza bekliyoruz&#8221; denildi.<br \/><\/p>\n","protected":false},"excerpt":{"rendered":"<p>Karacasu Belediyesi taraf\u0131ndan hizmete sunulan y\u00fczme havuzu bug\u00fcn vatanda\u015flar\u0131n hizmetine sunulacak. Karacasu Belediyesi\u2019nden yap\u0131lan a\u00e7\u0131klamada, &#8220;Belediyemiz taraf\u0131ndan vatanda\u015flar\u0131m\u0131z\u0131n hizmetine sunulan y\u00fczme havuzumuz, 18 Temmuz 2025 Cuma g\u00fcn\u00fc itibar\u0131yla faaliyete ge\u00e7ecektir. \u00c7al\u0131\u015fma Saatleri 11.00 &#8211; 00.00 aras\u0131ndad\u0131r. Per\u015fembe g\u00fcnleri kad\u0131nlara \u00f6zel kullan\u0131m g\u00fcn\u00fcd\u00fcr. T\u00fcm hem\u015fehrilerimizi sa\u011fl\u0131kl\u0131, g\u00fcvenli ve keyifli bir yaz sezonu i\u00e7in havuzumuza bekliyoruz&#8221; denildi.<\/p>\n","protected":false},"author":1,"featured_media":42806,"comment_status":"open","ping_status":"open","sticky":false,"template":"","format":"standard","meta":{"_crdt_document":"","footnotes":""},"categories":[1],"tags":[],"class_list":["post-42805","post","type-post","status-publish","format-standard","has-post-thumbnail","hentry","category-guncel"],"_links":{"self":[{"href":"https:\/\/www.egemtv.com\/index.php?rest_route=\/wp\/v2\/posts\/42805","targetHints":{"allow":["GET"]}}],"collection":[{"href":"https:\/\/www.egemtv.com\/index.php?rest_route=\/wp\/v2\/posts"}],"about":[{"href":"https:\/\/www.egemtv.com\/index.php?rest_route=\/wp\/v2\/types\/post"}],"author":[{"embeddable":true,"href":"https:\/\/www.egemtv.com\/index.php?rest_route=\/wp\/v2\/users\/1"}],"replies":[{"embeddable":true,"href":"https:\/\/www.egemtv.com\/index.php?rest_route=%2Fwp%2Fv2%2Fcomments&post=42805"}],"version-history":[{"count":1,"href":"https:\/\/www.egemtv.com\/index.php?rest_route=\/wp\/v2\/posts\/42805\/revisions"}],"predecessor-version":[{"id":42807,"href":"https:\/\/www.egemtv.com\/index.php?rest_route=\/wp\/v2\/posts\/42805\/revisions\/42807"}],"wp:featuredmedia":[{"embeddable":true,"href":"https:\/\/www.egemtv.com\/index.php?rest_route=\/wp\/v2\/media\/42806"}],"wp:attachment":[{"href":"https:\/\/www.egemtv.com\/index.php?rest_route=%2Fwp%2Fv2%2Fmedia&parent=42805"}],"wp:term":[{"taxonomy":"category","embeddable":true,"href":"https:\/\/www.egemtv.com\/index.php?rest_route=%2Fwp%2Fv2%2Fcategories&post=42805"},{"taxonomy":"post_tag","embeddable":true,"href":"https:\/\/www.egemtv.com\/index.php?rest_route=%2Fwp%2Fv2%2Ftags&post=42805"}],"curies":[{"name":"wp","href":"https:\/\/api.w.org\/{rel}","templated":true}]}}