{"id":42802,"date":"2025-07-18T09:35:48","date_gmt":"2025-07-18T06:35:48","guid":{"rendered":"https:\/\/www.egemtv.com\/?p=42802"},"modified":"2025-07-18T09:35:51","modified_gmt":"2025-07-18T06:35:51","slug":"buharkentliler-kent-tarihine-sahip-cikiyor","status":"publish","type":"post","link":"https:\/\/www.egemtv.com\/?p=42802","title":{"rendered":"Buharkentliler, kent tarihine sahip \u00e7\u0131k\u0131yor"},"content":{"rendered":"<p>Ayd\u0131n\u2019\u0131n Buharkent il\u00e7esinde hayata ge\u00e7irilen Kent M\u00fczesi\u2019nin \u00f6nemine dikkat \u00e7eken Buharkentli vatanda\u015flar kent tarihine sahip \u00e7\u0131karak, m\u00fczeye ba\u011f\u0131\u015f yapmaya devam ediyor.<\/p>\n<p>Buharkent il\u00e7esi Atat\u00fcrk Caddesi \u00fczerinde bulunan ve y\u0131llard\u0131r at\u0131l durumda olan tarihi bina, ata miraslar\u0131n\u0131n ve k\u00fclt\u00fcr\u00fcn gelecek nesillere aktar\u0131lmas\u0131 ad\u0131na \u2019Kent M\u00fczesi\u2019 olarak il\u00e7eye kazand\u0131r\u0131ld\u0131. Buharkent Belediye Ba\u015fkan\u0131 Mehmet Erol\u2019un talimat\u0131yla sat\u0131n al\u0131nan tarihi binada il\u00e7enin kimli\u011fi ya\u015fat\u0131l\u0131rken, Buharkent\u2019in kimli\u011fini korumak ve gelece\u011fe aktarmak ad\u0131na vatanda\u015flar da destek vermeye devam ediyor. M\u00fczede sergilenecek e\u015fyalar ile ilgili vatanda\u015flar\u0131n b\u00fcy\u00fck destek verdi\u011fini ifade eden Buharkent Belediye Ba\u015fkan\u0131 Mehmet Erol, k\u00fclt\u00fcr varl\u0131klar\u0131n\u0131 m\u00fczede ya\u015fatarak, gelecek nesillere aktarmak istediklerine vurgu yapt\u0131.<\/p>\n<p>Ata miraslar\u0131 olan \u00e7e\u015fitli objelerin Kent M\u00fczesi\u2019nde sergilenmesi i\u00e7in Ba\u015fkan Erol\u2019un \u00e7a\u011fr\u0131s\u0131na kulak vermeye devam eden Buharkentli vatanda\u015flar da, ge\u00e7mi\u015f y\u0131llarda kullan\u0131lan \u00e7e\u015fitli e\u015fyalar\u0131 m\u00fczeye ba\u011f\u0131\u015flamay\u0131 s\u00fcrd\u00fcr\u00fcyor. Son olarak Ba\u015fkan Erol\u2019un \u00e7a\u011fr\u0131s\u0131 \u00fczerine harekete ge\u00e7en Savc\u0131ll\u0131 Mahallesi esnaflar\u0131ndan Fahrettin Y\u0131lmaz, atalar\u0131ndan kalan kepenek hal\u0131s\u0131n\u0131 ba\u011f\u0131\u015flad\u0131.<\/p>\n<p>\u015eu ana kadar y\u00fcz\u00fcn \u00fczerinde ba\u011f\u0131\u015f\u0131n oldu\u011funu ifade eden Ba\u015fkan Erol, Buharkentli vatanda\u015flara duyarl\u0131l\u0131klar\u0131 ve tarihlerine sahip \u00e7\u0131kt\u0131klar\u0131 i\u00e7in te\u015fekk\u00fcr ederek &#8220;K\u00fclt\u00fcrel miras\u0131m\u0131za sahip \u00e7\u0131karak, Kent M\u00fczemizde sergilenmek \u00fczere eski kepenek hal\u0131s\u0131n\u0131 ba\u011f\u0131\u015flayan Savc\u0131ll\u0131 Mahallesi esnaflar\u0131m\u0131zdan Fahrettin Y\u0131lmaz\u2019a duyarl\u0131l\u0131\u011f\u0131 ve k\u0131ymetli katk\u0131s\u0131 i\u00e7in te\u015fekk\u00fcr ediyorum&#8221; dedi.<br \/><\/p>\n","protected":false},"excerpt":{"rendered":"<p>Ayd\u0131n\u2019\u0131n Buharkent il\u00e7esinde hayata ge\u00e7irilen Kent M\u00fczesi\u2019nin \u00f6nemine dikkat \u00e7eken Buharkentli vatanda\u015flar kent tarihine sahip \u00e7\u0131karak, m\u00fczeye ba\u011f\u0131\u015f yapmaya devam ediyor. Buharkent il\u00e7esi Atat\u00fcrk Caddesi \u00fczerinde bulunan ve y\u0131llard\u0131r at\u0131l durumda olan tarihi bina, ata miraslar\u0131n\u0131n ve k\u00fclt\u00fcr\u00fcn gelecek nesillere aktar\u0131lmas\u0131 ad\u0131na \u2019Kent M\u00fczesi\u2019 olarak il\u00e7eye kazand\u0131r\u0131ld\u0131. Buharkent Belediye Ba\u015fkan\u0131 Mehmet Erol\u2019un talimat\u0131yla sat\u0131n al\u0131nan&#8230;<\/p>\n","protected":false},"author":1,"featured_media":42803,"comment_status":"open","ping_status":"open","sticky":false,"template":"","format":"standard","meta":{"_crdt_document":"","footnotes":""},"categories":[1],"tags":[],"class_list":["post-42802","post","type-post","status-publish","format-standard","has-post-thumbnail","hentry","category-guncel"],"_links":{"self":[{"href":"https:\/\/www.egemtv.com\/index.php?rest_route=\/wp\/v2\/posts\/42802","targetHints":{"allow":["GET"]}}],"collection":[{"href":"https:\/\/www.egemtv.com\/index.php?rest_route=\/wp\/v2\/posts"}],"about":[{"href":"https:\/\/www.egemtv.com\/index.php?rest_route=\/wp\/v2\/types\/post"}],"author":[{"embeddable":true,"href":"https:\/\/www.egemtv.com\/index.php?rest_route=\/wp\/v2\/users\/1"}],"replies":[{"embeddable":true,"href":"https:\/\/www.egemtv.com\/index.php?rest_route=%2Fwp%2Fv2%2Fcomments&post=42802"}],"version-history":[{"count":1,"href":"https:\/\/www.egemtv.com\/index.php?rest_route=\/wp\/v2\/posts\/42802\/revisions"}],"predecessor-version":[{"id":42804,"href":"https:\/\/www.egemtv.com\/index.php?rest_route=\/wp\/v2\/posts\/42802\/revisions\/42804"}],"wp:featuredmedia":[{"embeddable":true,"href":"https:\/\/www.egemtv.com\/index.php?rest_route=\/wp\/v2\/media\/42803"}],"wp:attachment":[{"href":"https:\/\/www.egemtv.com\/index.php?rest_route=%2Fwp%2Fv2%2Fmedia&parent=42802"}],"wp:term":[{"taxonomy":"category","embeddable":true,"href":"https:\/\/www.egemtv.com\/index.php?rest_route=%2Fwp%2Fv2%2Fcategories&post=42802"},{"taxonomy":"post_tag","embeddable":true,"href":"https:\/\/www.egemtv.com\/index.php?rest_route=%2Fwp%2Fv2%2Ftags&post=42802"}],"curies":[{"name":"wp","href":"https:\/\/api.w.org\/{rel}","templated":true}]}}