{"id":42799,"date":"2025-07-18T09:35:45","date_gmt":"2025-07-18T06:35:45","guid":{"rendered":"https:\/\/www.egemtv.com\/?p=42799"},"modified":"2025-07-18T09:35:48","modified_gmt":"2025-07-18T06:35:48","slug":"hastane-personeline-narkotik-egitimi","status":"publish","type":"post","link":"https:\/\/www.egemtv.com\/?p=42799","title":{"rendered":"Hastane personeline narkotik e\u011fitimi"},"content":{"rendered":"<p>Ayd\u0131n Devlet Hastanesi\u2019nde &#8220;En \u0130yi Narkotik Polisi Anne&#8221; Projesi kapsam\u0131nda fark\u0131ndal\u0131k e\u011fitimi ger\u00e7ekle\u015ftirildi.<br \/>\n<br \/>Ayd\u0131n \u0130l Emniyet M\u00fcd\u00fcrl\u00fc\u011f\u00fc Narkotik Su\u00e7larla M\u00fccadele Birimi taraf\u0131ndan y\u00fcr\u00fct\u00fclen &#8220;En \u0130yi Narkotik Polisi Anne&#8221; Projesi kapsam\u0131nda, hastanemiz konferans salonunda iki g\u00fcn s\u00fcren fark\u0131ndal\u0131k e\u011fitimi ger\u00e7ekle\u015ftirildi. Ba\u011f\u0131ml\u0131l\u0131kla m\u00fccadelede \u00f6zellikle annelerin rol\u00fcne dikkat \u00e7ekilen e\u011fitim program\u0131, kat\u0131l\u0131mc\u0131lar taraf\u0131ndan ilgiyle takip edildi. Etkileyici i\u00e7eri\u011fiyle be\u011feni toplayan bu etkinli\u011fin, toplumsal fark\u0131ndal\u0131k olu\u015fturmaya katk\u0131 sa\u011flamas\u0131 ama\u00e7lan\u0131yor.<br \/>\n<br \/>Program sonunda, e\u011fitimi ger\u00e7ekle\u015ftiren Narkotik Su\u00e7larla M\u00fccadele Birimi personeline katk\u0131lar\u0131ndan dolay\u0131 hastane y\u00f6netimi taraf\u0131ndan te\u015fekk\u00fcr edilerek sertifikalar\u0131 teslim edildi.<br \/><\/p>\n","protected":false},"excerpt":{"rendered":"<p>Ayd\u0131n Devlet Hastanesi\u2019nde &#8220;En \u0130yi Narkotik Polisi Anne&#8221; Projesi kapsam\u0131nda fark\u0131ndal\u0131k e\u011fitimi ger\u00e7ekle\u015ftirildi. Ayd\u0131n \u0130l Emniyet M\u00fcd\u00fcrl\u00fc\u011f\u00fc Narkotik Su\u00e7larla M\u00fccadele Birimi taraf\u0131ndan y\u00fcr\u00fct\u00fclen &#8220;En \u0130yi Narkotik Polisi Anne&#8221; Projesi kapsam\u0131nda, hastanemiz konferans salonunda iki g\u00fcn s\u00fcren fark\u0131ndal\u0131k e\u011fitimi ger\u00e7ekle\u015ftirildi. Ba\u011f\u0131ml\u0131l\u0131kla m\u00fccadelede \u00f6zellikle annelerin rol\u00fcne dikkat \u00e7ekilen e\u011fitim program\u0131, kat\u0131l\u0131mc\u0131lar taraf\u0131ndan ilgiyle takip edildi. Etkileyici i\u00e7eri\u011fiyle&#8230;<\/p>\n","protected":false},"author":1,"featured_media":42800,"comment_status":"open","ping_status":"open","sticky":false,"template":"","format":"standard","meta":{"_crdt_document":"","footnotes":""},"categories":[1],"tags":[],"class_list":["post-42799","post","type-post","status-publish","format-standard","has-post-thumbnail","hentry","category-guncel"],"_links":{"self":[{"href":"https:\/\/www.egemtv.com\/index.php?rest_route=\/wp\/v2\/posts\/42799","targetHints":{"allow":["GET"]}}],"collection":[{"href":"https:\/\/www.egemtv.com\/index.php?rest_route=\/wp\/v2\/posts"}],"about":[{"href":"https:\/\/www.egemtv.com\/index.php?rest_route=\/wp\/v2\/types\/post"}],"author":[{"embeddable":true,"href":"https:\/\/www.egemtv.com\/index.php?rest_route=\/wp\/v2\/users\/1"}],"replies":[{"embeddable":true,"href":"https:\/\/www.egemtv.com\/index.php?rest_route=%2Fwp%2Fv2%2Fcomments&post=42799"}],"version-history":[{"count":1,"href":"https:\/\/www.egemtv.com\/index.php?rest_route=\/wp\/v2\/posts\/42799\/revisions"}],"predecessor-version":[{"id":42801,"href":"https:\/\/www.egemtv.com\/index.php?rest_route=\/wp\/v2\/posts\/42799\/revisions\/42801"}],"wp:featuredmedia":[{"embeddable":true,"href":"https:\/\/www.egemtv.com\/index.php?rest_route=\/wp\/v2\/media\/42800"}],"wp:attachment":[{"href":"https:\/\/www.egemtv.com\/index.php?rest_route=%2Fwp%2Fv2%2Fmedia&parent=42799"}],"wp:term":[{"taxonomy":"category","embeddable":true,"href":"https:\/\/www.egemtv.com\/index.php?rest_route=%2Fwp%2Fv2%2Fcategories&post=42799"},{"taxonomy":"post_tag","embeddable":true,"href":"https:\/\/www.egemtv.com\/index.php?rest_route=%2Fwp%2Fv2%2Ftags&post=42799"}],"curies":[{"name":"wp","href":"https:\/\/api.w.org\/{rel}","templated":true}]}}