{"id":42796,"date":"2025-07-18T09:15:25","date_gmt":"2025-07-18T06:15:25","guid":{"rendered":"https:\/\/www.egemtv.com\/?p=42796"},"modified":"2025-07-18T09:15:28","modified_gmt":"2025-07-18T06:15:28","slug":"baskan-erol-buharkentimize-cok-yakisacak","status":"publish","type":"post","link":"https:\/\/www.egemtv.com\/?p=42796","title":{"rendered":"Ba\u015fkan Erol: &#8220;Buharkentimize \u00e7ok yak\u0131\u015facak&#8221;"},"content":{"rendered":"<p>Ayd\u0131n\u2019\u0131n Buharkent il\u00e7esinde yap\u0131lan Kapal\u0131 Pazaryeri ve Katl\u0131 Otopark projesinde sona yakla\u015f\u0131l\u0131rken, Belediye Ba\u015fkan\u0131 Mehmet Erol, projenin Buharkent\u2019e \u00e7ok yak\u0131\u015faca\u011f\u0131n\u0131 ifade etti.<\/p>\n<p>\u0130l\u00e7e merkezinde yer alan \u0130stiklal \u0130lk\u00f6\u011fretim Okulu\u2019nun depreme dayan\u0131ks\u0131z olmas\u0131 nedeniyle Buharkent Belediyesi ve Milli E\u011fitim Bakanl\u0131\u011f\u0131 aras\u0131nda yap\u0131lan protokol\u00fcn ard\u0131ndan belediyeye devredilen alanda 3 kattan olu\u015fan 2 bin 500 metrekarelik kapal\u0131 alan \u00fczerine oturan 7 bin 500 metrekarelik in\u015faat alan\u0131na sahip modern kapal\u0131 pazaryeri ve katl\u0131 otopark projesinde sona gelindi. Ge\u00e7ti\u011fimiz 21 \u015eubat\u2019ta temeli at\u0131lan proje in\u015faat\u0131nda ayd\u0131nlatma sistemlerinin kurulumu yap\u0131ld\u0131.<\/p>\n<p>Konuyla ilgili a\u00e7\u0131klamalarda bulunan Buharkent Belediye Ba\u015fkan\u0131 Mehmet Erol, &#8220;\u0130l\u00e7emize kazand\u0131rd\u0131\u011f\u0131m\u0131z Kapal\u0131 Pazaryeri ve Katl\u0131 Otopark in\u015faat\u0131nda art\u0131k son haz\u0131rl\u0131klarday\u0131z. Ayd\u0131nlatma sistemlerinin kurulumu tamamland\u0131, vatanda\u015flar\u0131m\u0131z\u0131n g\u00fcvenli ve konforlu bir \u015fekilde kullanabilece\u011fi modern bir alan olu\u015fturmak i\u00e7in t\u00fcm detaylar\u0131 titizlikle haz\u0131rl\u0131yoruz&#8221; dedi.<br \/><\/p>\n","protected":false},"excerpt":{"rendered":"<p>Ayd\u0131n\u2019\u0131n Buharkent il\u00e7esinde yap\u0131lan Kapal\u0131 Pazaryeri ve Katl\u0131 Otopark projesinde sona yakla\u015f\u0131l\u0131rken, Belediye Ba\u015fkan\u0131 Mehmet Erol, projenin Buharkent\u2019e \u00e7ok yak\u0131\u015faca\u011f\u0131n\u0131 ifade etti. \u0130l\u00e7e merkezinde yer alan \u0130stiklal \u0130lk\u00f6\u011fretim Okulu\u2019nun depreme dayan\u0131ks\u0131z olmas\u0131 nedeniyle Buharkent Belediyesi ve Milli E\u011fitim Bakanl\u0131\u011f\u0131 aras\u0131nda yap\u0131lan protokol\u00fcn ard\u0131ndan belediyeye devredilen alanda 3 kattan olu\u015fan 2 bin 500 metrekarelik kapal\u0131 alan&#8230;<\/p>\n","protected":false},"author":1,"featured_media":42797,"comment_status":"open","ping_status":"open","sticky":false,"template":"","format":"standard","meta":{"_crdt_document":"","footnotes":""},"categories":[1],"tags":[],"class_list":["post-42796","post","type-post","status-publish","format-standard","has-post-thumbnail","hentry","category-guncel"],"_links":{"self":[{"href":"https:\/\/www.egemtv.com\/index.php?rest_route=\/wp\/v2\/posts\/42796","targetHints":{"allow":["GET"]}}],"collection":[{"href":"https:\/\/www.egemtv.com\/index.php?rest_route=\/wp\/v2\/posts"}],"about":[{"href":"https:\/\/www.egemtv.com\/index.php?rest_route=\/wp\/v2\/types\/post"}],"author":[{"embeddable":true,"href":"https:\/\/www.egemtv.com\/index.php?rest_route=\/wp\/v2\/users\/1"}],"replies":[{"embeddable":true,"href":"https:\/\/www.egemtv.com\/index.php?rest_route=%2Fwp%2Fv2%2Fcomments&post=42796"}],"version-history":[{"count":1,"href":"https:\/\/www.egemtv.com\/index.php?rest_route=\/wp\/v2\/posts\/42796\/revisions"}],"predecessor-version":[{"id":42798,"href":"https:\/\/www.egemtv.com\/index.php?rest_route=\/wp\/v2\/posts\/42796\/revisions\/42798"}],"wp:featuredmedia":[{"embeddable":true,"href":"https:\/\/www.egemtv.com\/index.php?rest_route=\/wp\/v2\/media\/42797"}],"wp:attachment":[{"href":"https:\/\/www.egemtv.com\/index.php?rest_route=%2Fwp%2Fv2%2Fmedia&parent=42796"}],"wp:term":[{"taxonomy":"category","embeddable":true,"href":"https:\/\/www.egemtv.com\/index.php?rest_route=%2Fwp%2Fv2%2Fcategories&post=42796"},{"taxonomy":"post_tag","embeddable":true,"href":"https:\/\/www.egemtv.com\/index.php?rest_route=%2Fwp%2Fv2%2Ftags&post=42796"}],"curies":[{"name":"wp","href":"https:\/\/api.w.org\/{rel}","templated":true}]}}