{"id":42793,"date":"2025-07-18T00:35:24","date_gmt":"2025-07-17T21:35:24","guid":{"rendered":"https:\/\/www.egemtv.com\/?p=42793"},"modified":"2025-07-18T00:35:25","modified_gmt":"2025-07-17T21:35:25","slug":"denize-atlayarak-basini-kuma-carpan-genc-hayatini-kaybetti","status":"publish","type":"post","link":"https:\/\/www.egemtv.com\/?p=42793","title":{"rendered":"Denize atlayarak ba\u015f\u0131n\u0131 kuma \u00e7arpan gen\u00e7 hayat\u0131n\u0131 kaybetti"},"content":{"rendered":"<p>\u0130zmir\u2019in Dikili il\u00e7esinde, \u00e7al\u0131\u015ft\u0131\u011f\u0131 tekneden bal\u0131klama denize atlayarak ba\u015f\u0131n\u0131 kuma \u00e7arpan ve a\u011f\u0131r yaralanan Muhammet Kulak (20) isimli gen\u00e7, bir ayl\u0131k ya\u015fam m\u00fccadelesini kaybetti.<br \/>\n<br \/>Olay yakla\u015f\u0131k bir ay \u00f6nce Bademli Mahallesi a\u00e7\u0131klar\u0131nda meydana geldi. Edinilen bilgiye g\u00f6re, bir gezi teknesinde \u00e7al\u0131\u015fan Muhammet Kulak (20) mola s\u0131ras\u0131nda bal\u0131klama denize atlad\u0131. Suda hareketsiz kalan Kulak\u2019\u0131n arkada\u015flar\u0131 \u00f6nce onun \u015faka yapt\u0131\u011f\u0131n\u0131 d\u00fc\u015f\u00fcnd\u00fc. Bir s\u00fcre sonra olay\u0131n ciddi oldu\u011funu anlayan arkada\u015flar\u0131, Muhammet Kulak\u2019\u0131 hemen sudan \u00e7\u0131kard\u0131. Kulak, olay yerine \u00e7a\u011fr\u0131lan sa\u011fl\u0131k ekipleri taraf\u0131ndan yap\u0131lan ilk m\u00fcdahalenin ard\u0131ndan \u0130zmir Bayrakl\u0131 \u015eehir Hastanesi\u2019ne sevk edildi. A\u011f\u0131r yaralanan Kulak, yo\u011fun bak\u0131m \u00fcnitesinde tedavi alt\u0131na al\u0131nd\u0131. Haftalarca ya\u015fama tutunmaya \u00e7al\u0131\u015fan talihsiz gen\u00e7 hayat\u0131n\u0131 kaybetti.<br \/><\/p>\n","protected":false},"excerpt":{"rendered":"<p>\u0130zmir\u2019in Dikili il\u00e7esinde, \u00e7al\u0131\u015ft\u0131\u011f\u0131 tekneden bal\u0131klama denize atlayarak ba\u015f\u0131n\u0131 kuma \u00e7arpan ve a\u011f\u0131r yaralanan Muhammet Kulak (20) isimli gen\u00e7, bir ayl\u0131k ya\u015fam m\u00fccadelesini kaybetti. Olay yakla\u015f\u0131k bir ay \u00f6nce Bademli Mahallesi a\u00e7\u0131klar\u0131nda meydana geldi. Edinilen bilgiye g\u00f6re, bir gezi teknesinde \u00e7al\u0131\u015fan Muhammet Kulak (20) mola s\u0131ras\u0131nda bal\u0131klama denize atlad\u0131. Suda hareketsiz kalan Kulak\u2019\u0131n arkada\u015flar\u0131 \u00f6nce&#8230;<\/p>\n","protected":false},"author":1,"featured_media":42794,"comment_status":"open","ping_status":"open","sticky":false,"template":"","format":"standard","meta":{"_crdt_document":"","footnotes":""},"categories":[5],"tags":[],"class_list":["post-42793","post","type-post","status-publish","format-standard","has-post-thumbnail","hentry","category-asayis"],"_links":{"self":[{"href":"https:\/\/www.egemtv.com\/index.php?rest_route=\/wp\/v2\/posts\/42793","targetHints":{"allow":["GET"]}}],"collection":[{"href":"https:\/\/www.egemtv.com\/index.php?rest_route=\/wp\/v2\/posts"}],"about":[{"href":"https:\/\/www.egemtv.com\/index.php?rest_route=\/wp\/v2\/types\/post"}],"author":[{"embeddable":true,"href":"https:\/\/www.egemtv.com\/index.php?rest_route=\/wp\/v2\/users\/1"}],"replies":[{"embeddable":true,"href":"https:\/\/www.egemtv.com\/index.php?rest_route=%2Fwp%2Fv2%2Fcomments&post=42793"}],"version-history":[{"count":1,"href":"https:\/\/www.egemtv.com\/index.php?rest_route=\/wp\/v2\/posts\/42793\/revisions"}],"predecessor-version":[{"id":42795,"href":"https:\/\/www.egemtv.com\/index.php?rest_route=\/wp\/v2\/posts\/42793\/revisions\/42795"}],"wp:featuredmedia":[{"embeddable":true,"href":"https:\/\/www.egemtv.com\/index.php?rest_route=\/wp\/v2\/media\/42794"}],"wp:attachment":[{"href":"https:\/\/www.egemtv.com\/index.php?rest_route=%2Fwp%2Fv2%2Fmedia&parent=42793"}],"wp:term":[{"taxonomy":"category","embeddable":true,"href":"https:\/\/www.egemtv.com\/index.php?rest_route=%2Fwp%2Fv2%2Fcategories&post=42793"},{"taxonomy":"post_tag","embeddable":true,"href":"https:\/\/www.egemtv.com\/index.php?rest_route=%2Fwp%2Fv2%2Ftags&post=42793"}],"curies":[{"name":"wp","href":"https:\/\/api.w.org\/{rel}","templated":true}]}}