{"id":42790,"date":"2025-07-17T23:36:48","date_gmt":"2025-07-17T20:36:48","guid":{"rendered":"https:\/\/www.egemtv.com\/?p=42790"},"modified":"2025-07-17T23:36:50","modified_gmt":"2025-07-17T20:36:50","slug":"cukura-dusen-otomobildeki-4-kisi-yaralandi","status":"publish","type":"post","link":"https:\/\/www.egemtv.com\/?p=42790","title":{"rendered":"\u00c7ukura d\u00fc\u015fen otomobildeki 4 ki\u015fi yaraland\u0131"},"content":{"rendered":"<p>Mu\u011fla\u2019n\u0131n Mente\u015fe il\u00e7esinde yol kenar\u0131ndaki \u00e7ukura d\u00fc\u015fen otomobildeki 4 ki\u015fi yaraland\u0131.<br \/>\n<br \/>Kaza Yara\u015f Mahallesi Denizli yolu \u00fczerinde meydana geldi. S\u00fcr\u00fcc\u00fcs\u00fcn\u00fcn direksiyon hakimiyetini kaybetti\u011fi otomobil yol kenar\u0131ndaki \u00e7ukura d\u00fc\u015ft\u00fc. Kaza ihbar\u0131 \u00fczerine b\u00f6lgeye jandarma, itfaiye ve sa\u011fl\u0131k ekipleri sevk edildi. Kazada yaralanan otomobil i\u00e7erisindeki 4 ki\u015fi ambulanslarla hastaneye kald\u0131r\u0131ld\u0131.<br \/>\n<br \/>Kazayla ilgili soru\u015fturma s\u00fcr\u00fcyor.<br \/><\/p>\n","protected":false},"excerpt":{"rendered":"<p>Mu\u011fla\u2019n\u0131n Mente\u015fe il\u00e7esinde yol kenar\u0131ndaki \u00e7ukura d\u00fc\u015fen otomobildeki 4 ki\u015fi yaraland\u0131. Kaza Yara\u015f Mahallesi Denizli yolu \u00fczerinde meydana geldi. S\u00fcr\u00fcc\u00fcs\u00fcn\u00fcn direksiyon hakimiyetini kaybetti\u011fi otomobil yol kenar\u0131ndaki \u00e7ukura d\u00fc\u015ft\u00fc. Kaza ihbar\u0131 \u00fczerine b\u00f6lgeye jandarma, itfaiye ve sa\u011fl\u0131k ekipleri sevk edildi. Kazada yaralanan otomobil i\u00e7erisindeki 4 ki\u015fi ambulanslarla hastaneye kald\u0131r\u0131ld\u0131. Kazayla ilgili soru\u015fturma s\u00fcr\u00fcyor.<\/p>\n","protected":false},"author":1,"featured_media":42791,"comment_status":"open","ping_status":"open","sticky":false,"template":"","format":"standard","meta":{"_crdt_document":"","footnotes":""},"categories":[5],"tags":[],"class_list":["post-42790","post","type-post","status-publish","format-standard","has-post-thumbnail","hentry","category-asayis"],"_links":{"self":[{"href":"https:\/\/www.egemtv.com\/index.php?rest_route=\/wp\/v2\/posts\/42790","targetHints":{"allow":["GET"]}}],"collection":[{"href":"https:\/\/www.egemtv.com\/index.php?rest_route=\/wp\/v2\/posts"}],"about":[{"href":"https:\/\/www.egemtv.com\/index.php?rest_route=\/wp\/v2\/types\/post"}],"author":[{"embeddable":true,"href":"https:\/\/www.egemtv.com\/index.php?rest_route=\/wp\/v2\/users\/1"}],"replies":[{"embeddable":true,"href":"https:\/\/www.egemtv.com\/index.php?rest_route=%2Fwp%2Fv2%2Fcomments&post=42790"}],"version-history":[{"count":1,"href":"https:\/\/www.egemtv.com\/index.php?rest_route=\/wp\/v2\/posts\/42790\/revisions"}],"predecessor-version":[{"id":42792,"href":"https:\/\/www.egemtv.com\/index.php?rest_route=\/wp\/v2\/posts\/42790\/revisions\/42792"}],"wp:featuredmedia":[{"embeddable":true,"href":"https:\/\/www.egemtv.com\/index.php?rest_route=\/wp\/v2\/media\/42791"}],"wp:attachment":[{"href":"https:\/\/www.egemtv.com\/index.php?rest_route=%2Fwp%2Fv2%2Fmedia&parent=42790"}],"wp:term":[{"taxonomy":"category","embeddable":true,"href":"https:\/\/www.egemtv.com\/index.php?rest_route=%2Fwp%2Fv2%2Fcategories&post=42790"},{"taxonomy":"post_tag","embeddable":true,"href":"https:\/\/www.egemtv.com\/index.php?rest_route=%2Fwp%2Fv2%2Ftags&post=42790"}],"curies":[{"name":"wp","href":"https:\/\/api.w.org\/{rel}","templated":true}]}}