{"id":42787,"date":"2025-07-17T20:54:50","date_gmt":"2025-07-17T17:54:50","guid":{"rendered":"https:\/\/www.egemtv.com\/?p=42787"},"modified":"2025-07-17T20:54:53","modified_gmt":"2025-07-17T17:54:53","slug":"afyonkarahisarda-midibus-kamyonla-carpisti-7-yarali","status":"publish","type":"post","link":"https:\/\/www.egemtv.com\/?p=42787","title":{"rendered":"Afyonkarahisar\u2019da midib\u00fcs kamyonla \u00e7arp\u0131\u015ft\u0131: 7 yaral\u0131"},"content":{"rendered":"<p>Afyonkarahisar\u2019da midib\u00fcs ile kamyonun \u00e7arp\u0131\u015ft\u0131\u011f\u0131 kazada 7 ki\u015fi yaraland\u0131.<br \/>\n<br \/>Kaza, \u00c7ay il\u00e7esi Ali Kaleli Kav\u015fa\u011f\u0131\u2019nda meydana geldi. Edinilen bilgilere g\u00f6re, A.\u015e. idaresindeki 03 PS 933 plakal\u0131 belediyeye ait midib\u00fcs, H.D.\u2019nin kulland\u0131\u011f\u0131 68 ADM 761 plakal\u0131 kamyonla \u00e7arp\u0131\u015ft\u0131. Kazada 1\u2019i \u00e7ocuk 7 yolcu yaraland\u0131. Yaral\u0131lar, \u00e7evredekilerin haber vermesi \u00fczerine olay yerine gelen ambulanslarla hastanelere kald\u0131r\u0131ld\u0131.<br \/>\n<br \/>Jandarma ekipleri kazayla ilgili inceleme ba\u015flatt\u0131.<br \/><\/p>\n","protected":false},"excerpt":{"rendered":"<p>Afyonkarahisar\u2019da midib\u00fcs ile kamyonun \u00e7arp\u0131\u015ft\u0131\u011f\u0131 kazada 7 ki\u015fi yaraland\u0131. Kaza, \u00c7ay il\u00e7esi Ali Kaleli Kav\u015fa\u011f\u0131\u2019nda meydana geldi. Edinilen bilgilere g\u00f6re, A.\u015e. idaresindeki 03 PS 933 plakal\u0131 belediyeye ait midib\u00fcs, H.D.\u2019nin kulland\u0131\u011f\u0131 68 ADM 761 plakal\u0131 kamyonla \u00e7arp\u0131\u015ft\u0131. Kazada 1\u2019i \u00e7ocuk 7 yolcu yaraland\u0131. Yaral\u0131lar, \u00e7evredekilerin haber vermesi \u00fczerine olay yerine gelen ambulanslarla hastanelere kald\u0131r\u0131ld\u0131. Jandarma&#8230;<\/p>\n","protected":false},"author":1,"featured_media":42788,"comment_status":"open","ping_status":"open","sticky":false,"template":"","format":"standard","meta":{"_crdt_document":"","footnotes":""},"categories":[5],"tags":[],"class_list":["post-42787","post","type-post","status-publish","format-standard","has-post-thumbnail","hentry","category-asayis"],"_links":{"self":[{"href":"https:\/\/www.egemtv.com\/index.php?rest_route=\/wp\/v2\/posts\/42787","targetHints":{"allow":["GET"]}}],"collection":[{"href":"https:\/\/www.egemtv.com\/index.php?rest_route=\/wp\/v2\/posts"}],"about":[{"href":"https:\/\/www.egemtv.com\/index.php?rest_route=\/wp\/v2\/types\/post"}],"author":[{"embeddable":true,"href":"https:\/\/www.egemtv.com\/index.php?rest_route=\/wp\/v2\/users\/1"}],"replies":[{"embeddable":true,"href":"https:\/\/www.egemtv.com\/index.php?rest_route=%2Fwp%2Fv2%2Fcomments&post=42787"}],"version-history":[{"count":1,"href":"https:\/\/www.egemtv.com\/index.php?rest_route=\/wp\/v2\/posts\/42787\/revisions"}],"predecessor-version":[{"id":42789,"href":"https:\/\/www.egemtv.com\/index.php?rest_route=\/wp\/v2\/posts\/42787\/revisions\/42789"}],"wp:featuredmedia":[{"embeddable":true,"href":"https:\/\/www.egemtv.com\/index.php?rest_route=\/wp\/v2\/media\/42788"}],"wp:attachment":[{"href":"https:\/\/www.egemtv.com\/index.php?rest_route=%2Fwp%2Fv2%2Fmedia&parent=42787"}],"wp:term":[{"taxonomy":"category","embeddable":true,"href":"https:\/\/www.egemtv.com\/index.php?rest_route=%2Fwp%2Fv2%2Fcategories&post=42787"},{"taxonomy":"post_tag","embeddable":true,"href":"https:\/\/www.egemtv.com\/index.php?rest_route=%2Fwp%2Fv2%2Ftags&post=42787"}],"curies":[{"name":"wp","href":"https:\/\/api.w.org\/{rel}","templated":true}]}}