{"id":42784,"date":"2025-07-17T20:36:02","date_gmt":"2025-07-17T17:36:02","guid":{"rendered":"https:\/\/www.egemtv.com\/?p=42784"},"modified":"2025-07-17T20:36:05","modified_gmt":"2025-07-17T17:36:05","slug":"havuza-duserek-olen-minik-asil-kemal-gozyaslariyla-son-yolculuguna-ugurlandi","status":"publish","type":"post","link":"https:\/\/www.egemtv.com\/?p=42784","title":{"rendered":"Havuza d\u00fc\u015ferek \u00f6len minik Asil Kemal g\u00f6zya\u015flar\u0131yla son yolculu\u011funa u\u011furland\u0131"},"content":{"rendered":"<p>Mu\u011fla\u2019n\u0131n Fethiye il\u00e7esinde sabah\u0131n erken saatlerinde ailesi uyurken villan\u0131n havuzuna d\u00fc\u015ferek hayat\u0131n\u0131 kaybeden 2 ya\u015f\u0131ndaki Asil Kemal Kaya,  g\u00f6zya\u015flar\u0131 aras\u0131nda topra\u011fa verildi.<br \/>\n<br \/>Fethiye\u2019nin Mente\u015feo\u011flu Mahallesi \u015eehit Ali Galip Met Caddesi\u2019nde sabah erken saatlerde 2 ya\u015f\u0131ndaki Asil Kemal Kaya, ailesi uyudu\u011fu s\u0131rada villan\u0131n y\u00fczme havuzuna d\u00fc\u015ft\u00fc. Ailesi durumu fark eder etmez minik Asil Kemal\u2019i havuzdan \u00e7\u0131kararak, 112 Acil \u00c7a\u011fr\u0131 Merkezi\u2019ni arad\u0131. Olay yerine sa\u011fl\u0131k ve polis ekipleri sevk edildi. Sa\u011fl\u0131k ekiplerinin yapt\u0131\u011f\u0131 t\u00fcm m\u00fcdahalelere ra\u011fmen k\u00fc\u00e7\u00fck \u00e7ocuk kurtar\u0131lamad\u0131. Yap\u0131lan incelemede Asil Kemal Kaya\u2019n\u0131n olay yerinde hayat\u0131n\u0131 kaybetti\u011fi belirlendi. Minik \u00e7ocu\u011fun cenazesi, Kocatepe Camii\u2019nde ak\u015fam namaz\u0131 \u00f6ncesi k\u0131l\u0131nan cenaze namaz\u0131n\u0131n ard\u0131ndan Halla\u00e7 Mezarl\u0131\u011f\u0131\u2019nda g\u00f6zya\u015flar\u0131 aras\u0131nda topra\u011fa verildi.<br \/><\/p>\n","protected":false},"excerpt":{"rendered":"<p>Mu\u011fla\u2019n\u0131n Fethiye il\u00e7esinde sabah\u0131n erken saatlerinde ailesi uyurken villan\u0131n havuzuna d\u00fc\u015ferek hayat\u0131n\u0131 kaybeden 2 ya\u015f\u0131ndaki Asil Kemal Kaya, g\u00f6zya\u015flar\u0131 aras\u0131nda topra\u011fa verildi. Fethiye\u2019nin Mente\u015feo\u011flu Mahallesi \u015eehit Ali Galip Met Caddesi\u2019nde sabah erken saatlerde 2 ya\u015f\u0131ndaki Asil Kemal Kaya, ailesi uyudu\u011fu s\u0131rada villan\u0131n y\u00fczme havuzuna d\u00fc\u015ft\u00fc. Ailesi durumu fark eder etmez minik Asil Kemal\u2019i havuzdan \u00e7\u0131kararak,&#8230;<\/p>\n","protected":false},"author":1,"featured_media":42785,"comment_status":"open","ping_status":"open","sticky":false,"template":"","format":"standard","meta":{"_crdt_document":"","footnotes":""},"categories":[123],"tags":[],"class_list":["post-42784","post","type-post","status-publish","format-standard","has-post-thumbnail","hentry","category-gundem"],"_links":{"self":[{"href":"https:\/\/www.egemtv.com\/index.php?rest_route=\/wp\/v2\/posts\/42784","targetHints":{"allow":["GET"]}}],"collection":[{"href":"https:\/\/www.egemtv.com\/index.php?rest_route=\/wp\/v2\/posts"}],"about":[{"href":"https:\/\/www.egemtv.com\/index.php?rest_route=\/wp\/v2\/types\/post"}],"author":[{"embeddable":true,"href":"https:\/\/www.egemtv.com\/index.php?rest_route=\/wp\/v2\/users\/1"}],"replies":[{"embeddable":true,"href":"https:\/\/www.egemtv.com\/index.php?rest_route=%2Fwp%2Fv2%2Fcomments&post=42784"}],"version-history":[{"count":1,"href":"https:\/\/www.egemtv.com\/index.php?rest_route=\/wp\/v2\/posts\/42784\/revisions"}],"predecessor-version":[{"id":42786,"href":"https:\/\/www.egemtv.com\/index.php?rest_route=\/wp\/v2\/posts\/42784\/revisions\/42786"}],"wp:featuredmedia":[{"embeddable":true,"href":"https:\/\/www.egemtv.com\/index.php?rest_route=\/wp\/v2\/media\/42785"}],"wp:attachment":[{"href":"https:\/\/www.egemtv.com\/index.php?rest_route=%2Fwp%2Fv2%2Fmedia&parent=42784"}],"wp:term":[{"taxonomy":"category","embeddable":true,"href":"https:\/\/www.egemtv.com\/index.php?rest_route=%2Fwp%2Fv2%2Fcategories&post=42784"},{"taxonomy":"post_tag","embeddable":true,"href":"https:\/\/www.egemtv.com\/index.php?rest_route=%2Fwp%2Fv2%2Ftags&post=42784"}],"curies":[{"name":"wp","href":"https:\/\/api.w.org\/{rel}","templated":true}]}}