{"id":42781,"date":"2025-07-17T20:17:14","date_gmt":"2025-07-17T17:17:14","guid":{"rendered":"https:\/\/www.egemtv.com\/?p=42781"},"modified":"2025-07-17T20:17:18","modified_gmt":"2025-07-17T17:17:18","slug":"is-yerinde-cikan-yangin-diger-dukkanlara-sicramadan-sonduruldu","status":"publish","type":"post","link":"https:\/\/www.egemtv.com\/?p=42781","title":{"rendered":"\u0130\u015f yerinde \u00e7\u0131kan yang\u0131n di\u011fer d\u00fckkanlara s\u0131\u00e7ramadan s\u00f6nd\u00fcr\u00fcld\u00fc"},"content":{"rendered":"<p>Afyonkarahisar\u2019da dorse imalat at\u00f6lyesinde \u00e7\u0131kan yang\u0131n itfaiyenin zaman\u0131nda m\u00fcdahalesi ile b\u00fcy\u00fcmeden s\u00f6nd\u00fcr\u00fcld\u00fc.<br \/>\n<br \/>Olay, 2. K\u00fc\u00e7\u00fck Sanayi Sitesi\u2019ndeki bir i\u015f yerinde meydana geldi. Edinilen bilgilere g\u00f6re, dorse imalat at\u00f6lyesi olarak kullan\u0131lan i\u015f yerinden dumanlar \u00e7\u0131kt\u0131\u011f\u0131n\u0131 g\u00f6ren \u00e7evredeki di\u011fer esnaflar durumu itfaiye bildirerek yard\u0131m istedi. \u0130hbar \u00fczerine b\u00f6lgeye itfaiye ekipleri sevk edildi. Olay yerine gelen ekipler yang\u0131na m\u00fcdahale ederek kontrol alt\u0131na al\u0131nd\u0131. Yang\u0131n ekiplerin yakla\u015f\u0131k yar\u0131m saat s\u00fcren m\u00fcdahalesi sonras\u0131 di\u011fer d\u00fckkanlara s\u0131\u00e7ramadan s\u00f6nd\u00fcr\u00fcld\u00fc. Maddi hasar\u0131n meydana geldi\u011fi yang\u0131n\u0131n \u00e7\u0131k\u0131\u015f nedeninin belirlenmesi i\u00e7in inceleme ba\u015flat\u0131ld\u0131.<br \/><\/p>\n","protected":false},"excerpt":{"rendered":"<p>Afyonkarahisar\u2019da dorse imalat at\u00f6lyesinde \u00e7\u0131kan yang\u0131n itfaiyenin zaman\u0131nda m\u00fcdahalesi ile b\u00fcy\u00fcmeden s\u00f6nd\u00fcr\u00fcld\u00fc. Olay, 2. K\u00fc\u00e7\u00fck Sanayi Sitesi\u2019ndeki bir i\u015f yerinde meydana geldi. Edinilen bilgilere g\u00f6re, dorse imalat at\u00f6lyesi olarak kullan\u0131lan i\u015f yerinden dumanlar \u00e7\u0131kt\u0131\u011f\u0131n\u0131 g\u00f6ren \u00e7evredeki di\u011fer esnaflar durumu itfaiye bildirerek yard\u0131m istedi. \u0130hbar \u00fczerine b\u00f6lgeye itfaiye ekipleri sevk edildi. Olay yerine gelen ekipler yang\u0131na&#8230;<\/p>\n","protected":false},"author":1,"featured_media":42782,"comment_status":"open","ping_status":"open","sticky":false,"template":"","format":"standard","meta":{"_crdt_document":"","footnotes":""},"categories":[5],"tags":[],"class_list":["post-42781","post","type-post","status-publish","format-standard","has-post-thumbnail","hentry","category-asayis"],"_links":{"self":[{"href":"https:\/\/www.egemtv.com\/index.php?rest_route=\/wp\/v2\/posts\/42781","targetHints":{"allow":["GET"]}}],"collection":[{"href":"https:\/\/www.egemtv.com\/index.php?rest_route=\/wp\/v2\/posts"}],"about":[{"href":"https:\/\/www.egemtv.com\/index.php?rest_route=\/wp\/v2\/types\/post"}],"author":[{"embeddable":true,"href":"https:\/\/www.egemtv.com\/index.php?rest_route=\/wp\/v2\/users\/1"}],"replies":[{"embeddable":true,"href":"https:\/\/www.egemtv.com\/index.php?rest_route=%2Fwp%2Fv2%2Fcomments&post=42781"}],"version-history":[{"count":1,"href":"https:\/\/www.egemtv.com\/index.php?rest_route=\/wp\/v2\/posts\/42781\/revisions"}],"predecessor-version":[{"id":42783,"href":"https:\/\/www.egemtv.com\/index.php?rest_route=\/wp\/v2\/posts\/42781\/revisions\/42783"}],"wp:featuredmedia":[{"embeddable":true,"href":"https:\/\/www.egemtv.com\/index.php?rest_route=\/wp\/v2\/media\/42782"}],"wp:attachment":[{"href":"https:\/\/www.egemtv.com\/index.php?rest_route=%2Fwp%2Fv2%2Fmedia&parent=42781"}],"wp:term":[{"taxonomy":"category","embeddable":true,"href":"https:\/\/www.egemtv.com\/index.php?rest_route=%2Fwp%2Fv2%2Fcategories&post=42781"},{"taxonomy":"post_tag","embeddable":true,"href":"https:\/\/www.egemtv.com\/index.php?rest_route=%2Fwp%2Fv2%2Ftags&post=42781"}],"curies":[{"name":"wp","href":"https:\/\/api.w.org\/{rel}","templated":true}]}}