{"id":42778,"date":"2025-07-17T20:17:12","date_gmt":"2025-07-17T17:17:12","guid":{"rendered":"https:\/\/www.egemtv.com\/?p=42778"},"modified":"2025-07-17T20:17:14","modified_gmt":"2025-07-17T17:17:14","slug":"leros-adasinda-fenalasan-gazeteci-hasan-cemal-deniz-ambulansiyla-bodruma-getirildi","status":"publish","type":"post","link":"https:\/\/www.egemtv.com\/?p=42778","title":{"rendered":"Leros Adas\u0131\u2019nda fenala\u015fan gazeteci Hasan Cemal deniz ambulans\u0131yla Bodrum\u2019a getirildi"},"content":{"rendered":"<p>Yunanistan\u2019\u0131n Leros Adas\u0131\u2019nda fenala\u015fan usta gazeteci Hasan Cemal, sa\u011fl\u0131k ekiplerinin m\u00fcdahalesinin ard\u0131ndan deniz ambulans\u0131yla Bodrum\u2019a sevk edildi. Gazeteci Bodrum\u2019daki \u00f6zel bir hastanede tedavi alt\u0131na al\u0131n\u0131rken, marinade g\u00f6revli \u00f6zel g\u00fcvenlik g\u00f6revlileri gazetecilerin bulundu\u011fu bota \u00e7arparak g\u00f6r\u00fcnt\u00fc al\u0131nmas\u0131n\u0131 engellemeye \u00e7al\u0131\u015ft\u0131.<br \/>\n<br \/>Olay, d\u00fcn ak\u015fam saatlerinde meydana geldi. Tatil i\u00e7in Leros Adas\u0131\u2019nda bulunan gazeteci Hasan Cemal\u2019in rahats\u0131zlanmas\u0131 \u00fczerine adadaki hastaneye kald\u0131r\u0131ld\u0131\u011f\u0131 \u00f6\u011frenildi. Yap\u0131lan ilk m\u00fcdahalenin ard\u0131ndan Cemal\u2019in T\u00fcrkiye\u2019ye nakline karar verildi. Bodrum Deniz Kurtarma Derne\u011fi\u2019ne ait deniz ambulans\u0131yla adadan al\u0131nan Cemal, gece saatlerinde Milta Marina\u2019ya getirildi. Bilincinin a\u00e7\u0131k oldu\u011fu bildirilen Cemal, sa\u011fl\u0131k ekiplerinin ilk m\u00fcdahalesi sonras\u0131 ambulansla \u00f6zel bir hastaneye g\u00f6t\u00fcr\u00fcld\u00fc.<\/p>\n<p>Gazetecilere m\u00fcdahale gerginli\u011fi<br \/>\n<br \/>\u00d6te yandan, Hasan Cemal Bodrum\u2019a getirildi\u011fi s\u0131rada haber takibi yapan bas\u0131n mensuplar\u0131na Milta Marina\u2019n\u0131n \u00f6zel g\u00fcvenlik g\u00f6revlileri taraf\u0131ndan m\u00fcdahale edildi. G\u00fcvenlik g\u00f6revlileri, denizden g\u00f6r\u00fcnt\u00fc almaya \u00e7al\u0131\u015fan gazetecilerin bota yakla\u015fmas\u0131n\u0131 engelledi. G\u00f6r\u00fcnt\u00fc al\u0131nmas\u0131n\u0131 istemeyen g\u00fcvenlik, gazetecilerin bulundu\u011fu bota \u00e7arpt\u0131. G\u00f6revliler ayr\u0131ca s\u00f6zl\u00fc ve fiziki m\u00fcdahalede bulunarak \u00e7ekim yap\u0131lmas\u0131na izin vermezken, olay bas\u0131n mensuplar\u0131n\u0131n tepkisine yol a\u00e7t\u0131.<br \/><\/p>\n","protected":false},"excerpt":{"rendered":"<p>Yunanistan\u2019\u0131n Leros Adas\u0131\u2019nda fenala\u015fan usta gazeteci Hasan Cemal, sa\u011fl\u0131k ekiplerinin m\u00fcdahalesinin ard\u0131ndan deniz ambulans\u0131yla Bodrum\u2019a sevk edildi. Gazeteci Bodrum\u2019daki \u00f6zel bir hastanede tedavi alt\u0131na al\u0131n\u0131rken, marinade g\u00f6revli \u00f6zel g\u00fcvenlik g\u00f6revlileri gazetecilerin bulundu\u011fu bota \u00e7arparak g\u00f6r\u00fcnt\u00fc al\u0131nmas\u0131n\u0131 engellemeye \u00e7al\u0131\u015ft\u0131. Olay, d\u00fcn ak\u015fam saatlerinde meydana geldi. Tatil i\u00e7in Leros Adas\u0131\u2019nda bulunan gazeteci Hasan Cemal\u2019in rahats\u0131zlanmas\u0131 \u00fczerine adadaki&#8230;<\/p>\n","protected":false},"author":1,"featured_media":42779,"comment_status":"open","ping_status":"open","sticky":false,"template":"","format":"standard","meta":{"_crdt_document":"","footnotes":""},"categories":[5],"tags":[],"class_list":["post-42778","post","type-post","status-publish","format-standard","has-post-thumbnail","hentry","category-asayis"],"_links":{"self":[{"href":"https:\/\/www.egemtv.com\/index.php?rest_route=\/wp\/v2\/posts\/42778","targetHints":{"allow":["GET"]}}],"collection":[{"href":"https:\/\/www.egemtv.com\/index.php?rest_route=\/wp\/v2\/posts"}],"about":[{"href":"https:\/\/www.egemtv.com\/index.php?rest_route=\/wp\/v2\/types\/post"}],"author":[{"embeddable":true,"href":"https:\/\/www.egemtv.com\/index.php?rest_route=\/wp\/v2\/users\/1"}],"replies":[{"embeddable":true,"href":"https:\/\/www.egemtv.com\/index.php?rest_route=%2Fwp%2Fv2%2Fcomments&post=42778"}],"version-history":[{"count":1,"href":"https:\/\/www.egemtv.com\/index.php?rest_route=\/wp\/v2\/posts\/42778\/revisions"}],"predecessor-version":[{"id":42780,"href":"https:\/\/www.egemtv.com\/index.php?rest_route=\/wp\/v2\/posts\/42778\/revisions\/42780"}],"wp:featuredmedia":[{"embeddable":true,"href":"https:\/\/www.egemtv.com\/index.php?rest_route=\/wp\/v2\/media\/42779"}],"wp:attachment":[{"href":"https:\/\/www.egemtv.com\/index.php?rest_route=%2Fwp%2Fv2%2Fmedia&parent=42778"}],"wp:term":[{"taxonomy":"category","embeddable":true,"href":"https:\/\/www.egemtv.com\/index.php?rest_route=%2Fwp%2Fv2%2Fcategories&post=42778"},{"taxonomy":"post_tag","embeddable":true,"href":"https:\/\/www.egemtv.com\/index.php?rest_route=%2Fwp%2Fv2%2Ftags&post=42778"}],"curies":[{"name":"wp","href":"https:\/\/api.w.org\/{rel}","templated":true}]}}