{"id":42775,"date":"2025-07-17T18:55:28","date_gmt":"2025-07-17T15:55:28","guid":{"rendered":"https:\/\/www.egemtv.com\/?p=42775"},"modified":"2025-07-17T18:55:31","modified_gmt":"2025-07-17T15:55:31","slug":"izmir-buyuksehir-belediyesinde-isten-cikartilan-iscilerin-eylemi-9uncu-gununde-suruyor","status":"publish","type":"post","link":"https:\/\/www.egemtv.com\/?p=42775","title":{"rendered":"\u0130zmir B\u00fcy\u00fck\u015fehir Belediyesi\u2019nde i\u015ften \u00e7\u0131kart\u0131lan i\u015f\u00e7ilerin eylemi 9\u2019uncu g\u00fcn\u00fcnde s\u00fcr\u00fcyor"},"content":{"rendered":"<p>\u0130zmir B\u00fcy\u00fck\u015fehir Belediyesi\u2019nde i\u015ften \u00e7\u0131kar\u0131lan i\u015f\u00e7iler, 9\u2019uncu g\u00fcn\u00fcnde de belediye binas\u0131 \u00f6n\u00fcnde eylemlerini s\u00fcrd\u00fcr\u00fcyor.<br \/>\n<br \/>\u0130ZDO\u011eA, \u0130ZBETON ve \u0130ZULA\u015e \u015firketlerinde i\u015ften \u00e7\u0131kar\u0131lan i\u015f\u00e7iler, eylemlerinin 9. g\u00fcn\u00fcnde Konak\u2019taki \u0130zmir B\u00fcy\u00fck\u015fehir Belediyesi Egemenlik binas\u0131 \u00f6n\u00fcnde bir araya geldi. T\u00fcrkiye Belediyeler ve Genel Hizmetler \u0130\u015f\u00e7ileri Sendikas\u0131 (Belediye-\u0130\u015f) y\u00f6neticileri ve \u00e7ok say\u0131da sendika \u00fcyesinin de destek verdi\u011fi eylemde i\u015f\u00e7iler, sloganlar atarak tepkilerini dile getirdi.<\/p>\n<p>&#8220;Cemil Tugay, bask\u0131 ve tehditle hakk\u0131m\u0131z\u0131 al\u0131yor&#8221;<br \/>\n<br \/>\u0130\u015f\u00e7iler ad\u0131na a\u00e7\u0131klama yapan Belediye \u0130\u015f 2 No\u2019lu \u015eube Ba\u015fkan\u0131 Sava\u015f Atalay, &#8220;\u015eu anda i\u015f\u00e7i arkada\u015flar\u0131m\u0131z direniyor, m\u00fccadelesine ve ekme\u011fine sahip \u00e7\u0131k\u0131yor. Burada haks\u0131z bir i\u015f\u00e7i \u00e7\u0131kar\u0131m\u0131 var. Biz toplu s\u00f6zle\u015fmemizi bitireli 17 ay oldu. Cemil Tugay, \u2019Toplu s\u00f6zle\u015fmeden geri atacaks\u0131n\u0131z, yoksa ben bin ki\u015fiyi i\u015ften \u00e7\u0131kartaca\u011f\u0131m\u2019 diyor. Yani sendikalar\u0131n diz \u00e7\u00f6kmesini istiyor, \u2019Benim dedi\u011fim olacak\u2019 diyor. Mevcut olan bir toplu s\u00f6zle\u015fme var ve buna mahkemeler bile kar\u0131\u015fam\u0131yor. Mahkemeye verip durdurma karar\u0131 istediler, buna ret geldi. Yani mahkemenin bile ret karar\u0131 varken, Cemil Ba\u015fkan bask\u0131yla, tehditle bizleri eline almaya \u00e7al\u0131\u015f\u0131yor. \u015eu anda eyl\u00fcl ay\u0131nda alaca\u011f\u0131m\u0131z bir enflasyon fark\u0131 var. Ayr\u0131ca i\u015fe devam primi ve te\u015fvik primi var. Bu maddeler, idari maddelerdir. Bu maddeler 2005 y\u0131l\u0131ndan beri olan maddelerdir. 6 ay sonra toplu s\u00f6zle\u015fmemiz var; otururuz m\u00fczakere ederiz. Ama resmen dayatma ve tehditle bunu geri almaya \u00e7al\u0131\u015f\u0131yor&#8221; dedi.<\/p>\n<p>&#8220;\u00c7ocu\u011funa har\u00e7l\u0131k veremeyen emek\u00e7iler&#8221;<br \/>\n<br \/>\u0130\u015ften \u00e7\u0131kart\u0131lan i\u015f\u00e7ilerden Onur Cengiz, &#8220;Hep beraber, omuz omuza m\u00fccadelemizi s\u00fcrd\u00fcr\u00fcyoruz. Bug\u00fcn arkada\u015flar\u0131m\u0131za, yar\u0131n hepimize. M\u00fccadelemizi sonuna kadar s\u00fcrd\u00fcrece\u011fiz. Biz eme\u011fimizi geri istiyoruz&#8221; diye konu\u015ftu.<br \/>\n<br \/>\u0130\u015ften \u00e7\u0131kart\u0131lan bir i\u015f\u00e7inin e\u015fi olan Alev Bozk\u0131r ise, &#8220;E\u015fim 14 y\u0131ld\u0131r belediye b\u00fcnyesinde \u00e7al\u0131\u015f\u0131yordu ve hi\u00e7bir s\u0131k\u0131nt\u0131s\u0131 yoktu, en \u00e7ok \u00e7al\u0131\u015fan elemanlardan biriydi. Bir ak\u015fam mesai saati d\u0131\u015f\u0131nda misafirlikteyken bir telefon geldi ve e\u015fimin i\u015ften \u00e7\u0131kart\u0131ld\u0131\u011f\u0131 s\u00f6ylendi. O an ba\u015f\u0131m\u0131zdan a\u015fa\u011f\u0131 kaynar sular d\u00f6k\u00fcld\u00fc. Biz de hakk\u0131m\u0131z\u0131 savunmaya geldik. Kiras\u0131n\u0131 \u00f6deyemeyen, \u00e7ocu\u011funa har\u00e7l\u0131k veremeyen emek\u00e7iler burada&#8221; a\u00e7\u0131klamas\u0131nda bulundu.<br \/><\/p>\n","protected":false},"excerpt":{"rendered":"<p>\u0130zmir B\u00fcy\u00fck\u015fehir Belediyesi\u2019nde i\u015ften \u00e7\u0131kar\u0131lan i\u015f\u00e7iler, 9\u2019uncu g\u00fcn\u00fcnde de belediye binas\u0131 \u00f6n\u00fcnde eylemlerini s\u00fcrd\u00fcr\u00fcyor. \u0130ZDO\u011eA, \u0130ZBETON ve \u0130ZULA\u015e \u015firketlerinde i\u015ften \u00e7\u0131kar\u0131lan i\u015f\u00e7iler, eylemlerinin 9. g\u00fcn\u00fcnde Konak\u2019taki \u0130zmir B\u00fcy\u00fck\u015fehir Belediyesi Egemenlik binas\u0131 \u00f6n\u00fcnde bir araya geldi. T\u00fcrkiye Belediyeler ve Genel Hizmetler \u0130\u015f\u00e7ileri Sendikas\u0131 (Belediye-\u0130\u015f) y\u00f6neticileri ve \u00e7ok say\u0131da sendika \u00fcyesinin de destek verdi\u011fi eylemde i\u015f\u00e7iler, sloganlar&#8230;<\/p>\n","protected":false},"author":1,"featured_media":42776,"comment_status":"open","ping_status":"open","sticky":false,"template":"","format":"standard","meta":{"_crdt_document":"","footnotes":""},"categories":[1],"tags":[],"class_list":["post-42775","post","type-post","status-publish","format-standard","has-post-thumbnail","hentry","category-guncel"],"_links":{"self":[{"href":"https:\/\/www.egemtv.com\/index.php?rest_route=\/wp\/v2\/posts\/42775","targetHints":{"allow":["GET"]}}],"collection":[{"href":"https:\/\/www.egemtv.com\/index.php?rest_route=\/wp\/v2\/posts"}],"about":[{"href":"https:\/\/www.egemtv.com\/index.php?rest_route=\/wp\/v2\/types\/post"}],"author":[{"embeddable":true,"href":"https:\/\/www.egemtv.com\/index.php?rest_route=\/wp\/v2\/users\/1"}],"replies":[{"embeddable":true,"href":"https:\/\/www.egemtv.com\/index.php?rest_route=%2Fwp%2Fv2%2Fcomments&post=42775"}],"version-history":[{"count":1,"href":"https:\/\/www.egemtv.com\/index.php?rest_route=\/wp\/v2\/posts\/42775\/revisions"}],"predecessor-version":[{"id":42777,"href":"https:\/\/www.egemtv.com\/index.php?rest_route=\/wp\/v2\/posts\/42775\/revisions\/42777"}],"wp:featuredmedia":[{"embeddable":true,"href":"https:\/\/www.egemtv.com\/index.php?rest_route=\/wp\/v2\/media\/42776"}],"wp:attachment":[{"href":"https:\/\/www.egemtv.com\/index.php?rest_route=%2Fwp%2Fv2%2Fmedia&parent=42775"}],"wp:term":[{"taxonomy":"category","embeddable":true,"href":"https:\/\/www.egemtv.com\/index.php?rest_route=%2Fwp%2Fv2%2Fcategories&post=42775"},{"taxonomy":"post_tag","embeddable":true,"href":"https:\/\/www.egemtv.com\/index.php?rest_route=%2Fwp%2Fv2%2Ftags&post=42775"}],"curies":[{"name":"wp","href":"https:\/\/api.w.org\/{rel}","templated":true}]}}