{"id":42772,"date":"2025-07-17T18:36:04","date_gmt":"2025-07-17T15:36:04","guid":{"rendered":"https:\/\/www.egemtv.com\/?p=42772"},"modified":"2025-07-17T18:36:06","modified_gmt":"2025-07-17T15:36:06","slug":"mugla-valisi-idris-akbiyik-bodrum-gazeteciler-cemiyetiyle-bulustu","status":"publish","type":"post","link":"https:\/\/www.egemtv.com\/?p=42772","title":{"rendered":"Mu\u011fla Valisi \u0130dris Akb\u0131y\u0131k, Bodrum Gazeteciler Cemiyeti\u2019yle bulu\u015ftu"},"content":{"rendered":"<p>Bodrum Gazeteciler Cemiyeti taraf\u0131ndan, Bodrum Kaymakam\u0131 olarak atanan Ali S\u0131rmal\u0131 onuruna tan\u0131\u015fma ve nezaket yeme\u011fi d\u00fczenlendi. Programa kat\u0131lan Mu\u011fla Valisi \u0130dris Akb\u0131y\u0131k, cemiyet \u00fcyeleri bas\u0131n temsilcileriyle bir araya geldi.<br \/>\n<br \/>Ambrosia Hotel\u2019in balo salonunda d\u00fczenlenen yeme\u011fe, Mu\u011fla Valisi \u0130dris Akb\u0131y\u0131k, Mu\u011fla \u0130l Emniyet M\u00fcd\u00fcr\u00fc Ali Canbolat, Bodrum Kaymakam\u0131 Ali S\u0131rmal\u0131, Bodrum \u0130l\u00e7e Jandarma Komutan\u0131 Yarbay G\u00f6khan Kurgan, Bodrum \u0130l\u00e7e Emniyet M\u00fcd\u00fcr\u00fc Mehmet Darendeli, Sahil G\u00fcvenlik Bodrum Karakol Komutan\u0131 Binba\u015f\u0131 Ra\u015fit G\u00f6delek, Bodrum Gazeteciler Cemiyeti Ba\u015fkan\u0131 Eren Ayhan, turizmciler ve  Zeynel K\u0131l\u0131\u00e7 ve \u00e7ok say\u0131da cemiyet \u00fcyesi gazeteci kat\u0131ld\u0131. Programda ilk olarak Bodrum Gazeteciler Cemiyeti Ba\u015fkan\u0131 Eren Ayhan k\u0131sa bir a\u00e7\u0131l\u0131\u015f konu\u015fmas\u0131 yapt\u0131. Ard\u0131ndan Kaymakam Ali S\u0131rmal\u0131 ve Mu\u011fla Valisi \u0130dris Akb\u0131y\u0131k da kat\u0131l\u0131mc\u0131lara hitap etti. Konu\u015fmalar\u0131n ard\u0131ndan gazeteciler tek tek kendilerini tan\u0131tarak Vali Akb\u0131y\u0131k\u2019a \u00e7e\u015fitli konularda sorular y\u00f6neltti. Vali Akb\u0131y\u0131k, Bodrum ve Mu\u011fla\u2019ya ili\u015fkin sorular\u0131 detayl\u0131 \u015fekilde yan\u0131tlad\u0131.<br \/>\n<br \/>Etkinlik sonunda Bodrum Gazeteciler Cemiyeti Ba\u015fkan\u0131 Eren Ayhan, Vali Akb\u0131y\u0131k\u2019a bas\u0131na verdi\u011fi destek ve katk\u0131lar\u0131ndan dolay\u0131 te\u015fekk\u00fcr plaketi takdim etti. Program, toplu hat\u0131ra foto\u011fraf\u0131 \u00e7ekimiyle sona erdi.<br \/>\n<br \/>&#8220;Yanl\u0131\u015f alg\u0131 turizmi ve ekonomiyi etkiliyor&#8221;<br \/>\n<br \/>Programda konu\u015fan Mu\u011fla Valisi \u0130dris Akb\u0131y\u0131k, &#8220;Bodrum bas\u0131n\u0131n\u0131 yak\u0131ndan takip ediyoruz. Bizler de kendi g\u00f6rev alanlar\u0131m\u0131zda \u00e7al\u0131\u015fmaya gayret ediyoruz. Bodrum\u2019dan yanl\u0131\u015f bir alg\u0131 direkt hem buran\u0131n turizmini hem de \u00fclke ekonomisini etkiliyor. Her alanda b\u00fcy\u00fck \u00e7aba ve gayret i\u00e7erisindeyiz. Sizlerle beraber olmaktan \u00e7ok mutlu oldum&#8221; dedi.<br \/>\n<br \/>Bodrum Gazeteciler Cemiyeti Ba\u015fkan\u0131 Eren Ayhan ise, verdi\u011fi katk\u0131lardan ve gazetecilerin sorunlar\u0131 ile ilgilenmesinden dolay\u0131 Vali \u0130dris Akb\u0131y\u0131k\u2019a te\u015fekk\u00fcr edip il\u00e7ede g\u00f6reve yeni ba\u015flayan Kaymakam Ali S\u0131rmal\u0131\u2019ya te\u015fekk\u00fcr etti.<br \/><\/p>\n","protected":false},"excerpt":{"rendered":"<p>Bodrum Gazeteciler Cemiyeti taraf\u0131ndan, Bodrum Kaymakam\u0131 olarak atanan Ali S\u0131rmal\u0131 onuruna tan\u0131\u015fma ve nezaket yeme\u011fi d\u00fczenlendi. Programa kat\u0131lan Mu\u011fla Valisi \u0130dris Akb\u0131y\u0131k, cemiyet \u00fcyeleri bas\u0131n temsilcileriyle bir araya geldi. Ambrosia Hotel\u2019in balo salonunda d\u00fczenlenen yeme\u011fe, Mu\u011fla Valisi \u0130dris Akb\u0131y\u0131k, Mu\u011fla \u0130l Emniyet M\u00fcd\u00fcr\u00fc Ali Canbolat, Bodrum Kaymakam\u0131 Ali S\u0131rmal\u0131, Bodrum \u0130l\u00e7e Jandarma Komutan\u0131 Yarbay G\u00f6khan&#8230;<\/p>\n","protected":false},"author":1,"featured_media":42773,"comment_status":"open","ping_status":"open","sticky":false,"template":"","format":"standard","meta":{"_crdt_document":"","footnotes":""},"categories":[1],"tags":[],"class_list":["post-42772","post","type-post","status-publish","format-standard","has-post-thumbnail","hentry","category-guncel"],"_links":{"self":[{"href":"https:\/\/www.egemtv.com\/index.php?rest_route=\/wp\/v2\/posts\/42772","targetHints":{"allow":["GET"]}}],"collection":[{"href":"https:\/\/www.egemtv.com\/index.php?rest_route=\/wp\/v2\/posts"}],"about":[{"href":"https:\/\/www.egemtv.com\/index.php?rest_route=\/wp\/v2\/types\/post"}],"author":[{"embeddable":true,"href":"https:\/\/www.egemtv.com\/index.php?rest_route=\/wp\/v2\/users\/1"}],"replies":[{"embeddable":true,"href":"https:\/\/www.egemtv.com\/index.php?rest_route=%2Fwp%2Fv2%2Fcomments&post=42772"}],"version-history":[{"count":1,"href":"https:\/\/www.egemtv.com\/index.php?rest_route=\/wp\/v2\/posts\/42772\/revisions"}],"predecessor-version":[{"id":42774,"href":"https:\/\/www.egemtv.com\/index.php?rest_route=\/wp\/v2\/posts\/42772\/revisions\/42774"}],"wp:featuredmedia":[{"embeddable":true,"href":"https:\/\/www.egemtv.com\/index.php?rest_route=\/wp\/v2\/media\/42773"}],"wp:attachment":[{"href":"https:\/\/www.egemtv.com\/index.php?rest_route=%2Fwp%2Fv2%2Fmedia&parent=42772"}],"wp:term":[{"taxonomy":"category","embeddable":true,"href":"https:\/\/www.egemtv.com\/index.php?rest_route=%2Fwp%2Fv2%2Fcategories&post=42772"},{"taxonomy":"post_tag","embeddable":true,"href":"https:\/\/www.egemtv.com\/index.php?rest_route=%2Fwp%2Fv2%2Ftags&post=42772"}],"curies":[{"name":"wp","href":"https:\/\/api.w.org\/{rel}","templated":true}]}}