{"id":42769,"date":"2025-07-17T18:36:01","date_gmt":"2025-07-17T15:36:01","guid":{"rendered":"https:\/\/www.egemtv.com\/?p=42769"},"modified":"2025-07-17T18:36:04","modified_gmt":"2025-07-17T15:36:04","slug":"turkiye-faal-futbol-hakemleri-ve-gozlemcileri-derneginden-baskan-arasa-ziyaret","status":"publish","type":"post","link":"https:\/\/www.egemtv.com\/?p=42769","title":{"rendered":"T\u00fcrkiye Faal Futbol Hakemleri ve G\u00f6zlemcileri Derne\u011fi\u2019nden Ba\u015fkan Aras\u2019a ziyaret"},"content":{"rendered":"<p>T\u00fcrkiye Faal Futbol Hakemleri ve G\u00f6zlemcileri Derne\u011fi Mu\u011fla B\u00fcy\u00fck\u015fehir Belediye Ba\u015fkan\u0131 AHmet Aras\u2019\u0131 makam\u0131nda ziyaret etti.<br \/>\n<br \/>Ziyarete T\u00fcrkiye Faal Futbol Hakemleri ve G\u00f6zlemcileri Derne\u011fi Genel Merkez Y\u00f6netim Kurulu \u00dcyesi ve ayn\u0131 zamanda Mu\u011fla \u015eube Ba\u015fkan\u0131 Muhsin Er\u00e7etin, Mu\u011fla \u0130l Hakem Kurulu Ba\u015fkan\u0131 Ali \u015ealk, \u0130l Hakem Kurulu Hakem Atama Sorumlusu Yusuf Yarat\u0131c\u0131 ile Dernek Y\u00f6netim Kurulu \u00dcyeleri Fatih Acar ve Ali Akdeniz kat\u0131ld\u0131.<br \/>\n<br \/>Ziyarette hakem formas\u0131 ile sar\u0131 ve k\u0131rm\u0131z\u0131 kart, Ba\u015fkan Aras\u2019a hediye edildi. Samimi bir ortamda ger\u00e7ekle\u015fen bulu\u015fmada, hakem camias\u0131n\u0131n b\u00f6lgedeki faaliyetleri ve gelece\u011fe y\u00f6nelik planlar\u0131 hakk\u0131nda g\u00f6r\u00fc\u015f al\u0131\u015fveri\u015finde bulunuldu.<br \/>\n<br \/>Heyet, nazik ev sahipli\u011fi ve desteklerinden dolay\u0131 Ba\u015fkan Aras\u2019a te\u015fekk\u00fcr ederek \u00e7al\u0131\u015fmalar\u0131nda ba\u015far\u0131lar diledi.<br \/><\/p>\n","protected":false},"excerpt":{"rendered":"<p>T\u00fcrkiye Faal Futbol Hakemleri ve G\u00f6zlemcileri Derne\u011fi Mu\u011fla B\u00fcy\u00fck\u015fehir Belediye Ba\u015fkan\u0131 AHmet Aras\u2019\u0131 makam\u0131nda ziyaret etti. Ziyarete T\u00fcrkiye Faal Futbol Hakemleri ve G\u00f6zlemcileri Derne\u011fi Genel Merkez Y\u00f6netim Kurulu \u00dcyesi ve ayn\u0131 zamanda Mu\u011fla \u015eube Ba\u015fkan\u0131 Muhsin Er\u00e7etin, Mu\u011fla \u0130l Hakem Kurulu Ba\u015fkan\u0131 Ali \u015ealk, \u0130l Hakem Kurulu Hakem Atama Sorumlusu Yusuf Yarat\u0131c\u0131 ile Dernek Y\u00f6netim&#8230;<\/p>\n","protected":false},"author":1,"featured_media":42770,"comment_status":"open","ping_status":"open","sticky":false,"template":"","format":"standard","meta":{"_crdt_document":"","footnotes":""},"categories":[4],"tags":[],"class_list":["post-42769","post","type-post","status-publish","format-standard","has-post-thumbnail","hentry","category-spor"],"_links":{"self":[{"href":"https:\/\/www.egemtv.com\/index.php?rest_route=\/wp\/v2\/posts\/42769","targetHints":{"allow":["GET"]}}],"collection":[{"href":"https:\/\/www.egemtv.com\/index.php?rest_route=\/wp\/v2\/posts"}],"about":[{"href":"https:\/\/www.egemtv.com\/index.php?rest_route=\/wp\/v2\/types\/post"}],"author":[{"embeddable":true,"href":"https:\/\/www.egemtv.com\/index.php?rest_route=\/wp\/v2\/users\/1"}],"replies":[{"embeddable":true,"href":"https:\/\/www.egemtv.com\/index.php?rest_route=%2Fwp%2Fv2%2Fcomments&post=42769"}],"version-history":[{"count":1,"href":"https:\/\/www.egemtv.com\/index.php?rest_route=\/wp\/v2\/posts\/42769\/revisions"}],"predecessor-version":[{"id":42771,"href":"https:\/\/www.egemtv.com\/index.php?rest_route=\/wp\/v2\/posts\/42769\/revisions\/42771"}],"wp:featuredmedia":[{"embeddable":true,"href":"https:\/\/www.egemtv.com\/index.php?rest_route=\/wp\/v2\/media\/42770"}],"wp:attachment":[{"href":"https:\/\/www.egemtv.com\/index.php?rest_route=%2Fwp%2Fv2%2Fmedia&parent=42769"}],"wp:term":[{"taxonomy":"category","embeddable":true,"href":"https:\/\/www.egemtv.com\/index.php?rest_route=%2Fwp%2Fv2%2Fcategories&post=42769"},{"taxonomy":"post_tag","embeddable":true,"href":"https:\/\/www.egemtv.com\/index.php?rest_route=%2Fwp%2Fv2%2Ftags&post=42769"}],"curies":[{"name":"wp","href":"https:\/\/api.w.org\/{rel}","templated":true}]}}