{"id":42766,"date":"2025-07-17T18:15:49","date_gmt":"2025-07-17T15:15:49","guid":{"rendered":"https:\/\/www.egemtv.com\/?p=42766"},"modified":"2025-07-17T18:15:51","modified_gmt":"2025-07-17T15:15:51","slug":"carsiyi-duman-sardi-goz-gozu-gormedi","status":"publish","type":"post","link":"https:\/\/www.egemtv.com\/?p=42766","title":{"rendered":"\u00c7ar\u015f\u0131y\u0131 duman sard\u0131, g\u00f6z g\u00f6z\u00fc g\u00f6rmedi"},"content":{"rendered":"<p>Ayd\u0131n\u2019\u0131n Efeler il\u00e7esinde yo\u011fun yaya trafi\u011finin bulundu\u011fu Ya\u011fc\u0131lari\u00e7i \u00c7ar\u015f\u0131s\u0131\u2019nda bir i\u015f yerinde \u00e7\u0131kan yang\u0131nda sokak dumanla kapland\u0131. \u00c7ar\u015f\u0131da panik olu\u015fturan yang\u0131nda i\u015f yerinde b\u00fcy\u00fck \u00e7apl\u0131 hasar meydana geldi.<br \/>\n<br \/>Yang\u0131n, Ramazan Pa\u015fa Mahallesi 21. Sokak\u2019ta meydana geldi. Edinilen bilgiye g\u00f6re, ayakkab\u0131 sat\u0131\u015f\u0131n\u0131n yap\u0131ld\u0131\u011f\u0131 bir i\u015f yerinde bilinmeyen bir nedenle yang\u0131n \u00e7\u0131kt\u0131. 112 Acil \u00c7a\u011fr\u0131 Merkezi\u2019ne yap\u0131lan ihbar \u00fczerine b\u00f6lgeye itfaiye, sa\u011fl\u0131k ve polis ekipleri sevk edildi. K\u0131sa s\u00fcrede b\u00fcy\u00fcyen yang\u0131nda i\u015f yerinden \u00e7\u0131kan yo\u011fun dumanlar Ya\u011fc\u0131lari\u00e7i \u00c7ar\u015f\u0131s\u0131\u2019n\u0131 sard\u0131. \u00c7ar\u015f\u0131da bulunan esnaf ve vatanda\u015flar yo\u011fun duman alt\u0131nda kal\u0131rken, k\u0131sa s\u00fcrede olay yerine gelen Ayd\u0131n B\u00fcy\u00fck\u015fehir Belediyesi \u0130tfaiye Daire Ba\u015fkanl\u0131\u011f\u0131 ekipleri yang\u0131na m\u00fcdahale etti. Ekipler yang\u0131n\u0131 s\u00f6nd\u00fcrmek ve i\u015f yerindeki duman\u0131 tahliye etmek i\u00e7in yo\u011fun \u00e7aba sarf ederken, kom\u015fu i\u015f yerinde bulunan hal\u0131lar da zarar g\u00f6rmemesi i\u00e7in vatanda\u015flar\u0131n olu\u015fturdu\u011fu koridorda elden ele ge\u00e7irilerek \u00e7\u0131kart\u0131ld\u0131. Ekiplerin \u00e7al\u0131\u015fmalar\u0131 sonucunda kontrol alt\u0131na al\u0131nan yang\u0131nda i\u015f yerinde b\u00fcy\u00fck \u00e7apl\u0131 maddi hasar meydana geldi. \u00d6te yandan \u00e7evrede bulunan esnaf alevlerle m\u00fccadele eden ekiplere so\u011fuk su ikram etti.<\/p>\n<p>\u0130\u015f yeri sahibi \u00e7al\u0131\u015fmalar\u0131 endi\u015fe ile takip etti<br \/>\n<br \/>Yang\u0131n \u00e7ar\u015f\u0131da panik olu\u015ftururken, i\u015f yeri sahibi Aylin D. itfaiyenin s\u00f6nd\u00fcrme \u00e7al\u0131\u015fmalar\u0131n\u0131 endi\u015feli g\u00f6zlerle takip etti. 20 y\u0131ll\u0131k emeklerinin k\u00fcle d\u00f6n\u00fc\u015fmesine \u00fcz\u00fclen Aylin D.\u2019yi kom\u015fu esnaf teselli etmeye \u00e7al\u0131\u015ft\u0131. Yang\u0131n\u0131n \u00e7\u0131k\u0131\u015f nedeninin belirlenebilmesi i\u00e7in \u00e7al\u0131\u015fma ba\u015flat\u0131ld\u0131.<br \/><\/p>\n","protected":false},"excerpt":{"rendered":"<p>Ayd\u0131n\u2019\u0131n Efeler il\u00e7esinde yo\u011fun yaya trafi\u011finin bulundu\u011fu Ya\u011fc\u0131lari\u00e7i \u00c7ar\u015f\u0131s\u0131\u2019nda bir i\u015f yerinde \u00e7\u0131kan yang\u0131nda sokak dumanla kapland\u0131. \u00c7ar\u015f\u0131da panik olu\u015fturan yang\u0131nda i\u015f yerinde b\u00fcy\u00fck \u00e7apl\u0131 hasar meydana geldi. Yang\u0131n, Ramazan Pa\u015fa Mahallesi 21. Sokak\u2019ta meydana geldi. Edinilen bilgiye g\u00f6re, ayakkab\u0131 sat\u0131\u015f\u0131n\u0131n yap\u0131ld\u0131\u011f\u0131 bir i\u015f yerinde bilinmeyen bir nedenle yang\u0131n \u00e7\u0131kt\u0131. 112 Acil \u00c7a\u011fr\u0131 Merkezi\u2019ne yap\u0131lan&#8230;<\/p>\n","protected":false},"author":1,"featured_media":42767,"comment_status":"open","ping_status":"open","sticky":false,"template":"","format":"standard","meta":{"_crdt_document":"","footnotes":""},"categories":[5],"tags":[],"class_list":["post-42766","post","type-post","status-publish","format-standard","has-post-thumbnail","hentry","category-asayis"],"_links":{"self":[{"href":"https:\/\/www.egemtv.com\/index.php?rest_route=\/wp\/v2\/posts\/42766","targetHints":{"allow":["GET"]}}],"collection":[{"href":"https:\/\/www.egemtv.com\/index.php?rest_route=\/wp\/v2\/posts"}],"about":[{"href":"https:\/\/www.egemtv.com\/index.php?rest_route=\/wp\/v2\/types\/post"}],"author":[{"embeddable":true,"href":"https:\/\/www.egemtv.com\/index.php?rest_route=\/wp\/v2\/users\/1"}],"replies":[{"embeddable":true,"href":"https:\/\/www.egemtv.com\/index.php?rest_route=%2Fwp%2Fv2%2Fcomments&post=42766"}],"version-history":[{"count":1,"href":"https:\/\/www.egemtv.com\/index.php?rest_route=\/wp\/v2\/posts\/42766\/revisions"}],"predecessor-version":[{"id":42768,"href":"https:\/\/www.egemtv.com\/index.php?rest_route=\/wp\/v2\/posts\/42766\/revisions\/42768"}],"wp:featuredmedia":[{"embeddable":true,"href":"https:\/\/www.egemtv.com\/index.php?rest_route=\/wp\/v2\/media\/42767"}],"wp:attachment":[{"href":"https:\/\/www.egemtv.com\/index.php?rest_route=%2Fwp%2Fv2%2Fmedia&parent=42766"}],"wp:term":[{"taxonomy":"category","embeddable":true,"href":"https:\/\/www.egemtv.com\/index.php?rest_route=%2Fwp%2Fv2%2Fcategories&post=42766"},{"taxonomy":"post_tag","embeddable":true,"href":"https:\/\/www.egemtv.com\/index.php?rest_route=%2Fwp%2Fv2%2Ftags&post=42766"}],"curies":[{"name":"wp","href":"https:\/\/api.w.org\/{rel}","templated":true}]}}