{"id":42760,"date":"2025-07-17T17:15:20","date_gmt":"2025-07-17T14:15:20","guid":{"rendered":"https:\/\/www.egemtv.com\/?p=42760"},"modified":"2025-07-17T17:15:23","modified_gmt":"2025-07-17T14:15:23","slug":"bucakta-cikan-arazi-yangininda-1-donum-alan-yandi","status":"publish","type":"post","link":"https:\/\/www.egemtv.com\/?p=42760","title":{"rendered":"Bucak\u2019ta \u00e7\u0131kan arazi yang\u0131n\u0131nda 1 d\u00f6n\u00fcm alan yand\u0131"},"content":{"rendered":"<p>Burdur\u2019un Bucak il\u00e7esine ba\u011fl\u0131 Kay\u0131 k\u00f6y\u00fcnde \u00e7\u0131kan arazi yang\u0131n\u0131, ekiplerin h\u0131zl\u0131 m\u00fcdahalesiyle k\u0131sa s\u00fcrede kontrol alt\u0131na al\u0131nd\u0131. Yang\u0131nda yakla\u015f\u0131k 1 d\u00f6n\u00fcml\u00fck alan zarar g\u00f6r\u00fcrken, a\u011fa\u00e7lara s\u0131\u00e7rama olmad\u0131\u011f\u0131 bildirildi.<br \/>\n<br \/>Yang\u0131n, saat 15.00 s\u0131ralar\u0131nda Bucak il\u00e7esi Kay\u0131 k\u00f6y\u00fcnde meydana geldi. K\u00f6y yak\u0131n\u0131ndaki otluk alanda hen\u00fcz belirlenemeyen bir nedenle yang\u0131n \u00e7\u0131kt\u0131. Dumanlar\u0131 fark eden vatanda\u015flar\u0131n ihbar\u0131 \u00fczerine b\u00f6lgeye Bucak Orman \u0130\u015fletme M\u00fcd\u00fcrl\u00fc\u011f\u00fc ve Bucak Belediyesi \u0130tfaiye ekipleri sevk edildi. B\u00f6lgeye gelen ekiplerin m\u00fcdahalesiyle yang\u0131n k\u0131sa s\u00fcrede kontrol alt\u0131na al\u0131nd\u0131. Yakla\u015f\u0131k 1 d\u00f6n\u00fcml\u00fck otluk ve \u00f6rt\u00fc alan\u0131n\u0131n zarar g\u00f6rd\u00fc\u011f\u00fc \u00f6\u011frenilirken, \u00e7evredeki a\u011fa\u00e7lar\u0131n etkilenmedi\u011fi belirtildi.<br \/><\/p>\n","protected":false},"excerpt":{"rendered":"<p>Burdur\u2019un Bucak il\u00e7esine ba\u011fl\u0131 Kay\u0131 k\u00f6y\u00fcnde \u00e7\u0131kan arazi yang\u0131n\u0131, ekiplerin h\u0131zl\u0131 m\u00fcdahalesiyle k\u0131sa s\u00fcrede kontrol alt\u0131na al\u0131nd\u0131. Yang\u0131nda yakla\u015f\u0131k 1 d\u00f6n\u00fcml\u00fck alan zarar g\u00f6r\u00fcrken, a\u011fa\u00e7lara s\u0131\u00e7rama olmad\u0131\u011f\u0131 bildirildi. Yang\u0131n, saat 15.00 s\u0131ralar\u0131nda Bucak il\u00e7esi Kay\u0131 k\u00f6y\u00fcnde meydana geldi. K\u00f6y yak\u0131n\u0131ndaki otluk alanda hen\u00fcz belirlenemeyen bir nedenle yang\u0131n \u00e7\u0131kt\u0131. Dumanlar\u0131 fark eden vatanda\u015flar\u0131n ihbar\u0131 \u00fczerine b\u00f6lgeye&#8230;<\/p>\n","protected":false},"author":1,"featured_media":42761,"comment_status":"open","ping_status":"open","sticky":false,"template":"","format":"standard","meta":{"_crdt_document":"","footnotes":""},"categories":[5],"tags":[],"class_list":["post-42760","post","type-post","status-publish","format-standard","has-post-thumbnail","hentry","category-asayis"],"_links":{"self":[{"href":"https:\/\/www.egemtv.com\/index.php?rest_route=\/wp\/v2\/posts\/42760","targetHints":{"allow":["GET"]}}],"collection":[{"href":"https:\/\/www.egemtv.com\/index.php?rest_route=\/wp\/v2\/posts"}],"about":[{"href":"https:\/\/www.egemtv.com\/index.php?rest_route=\/wp\/v2\/types\/post"}],"author":[{"embeddable":true,"href":"https:\/\/www.egemtv.com\/index.php?rest_route=\/wp\/v2\/users\/1"}],"replies":[{"embeddable":true,"href":"https:\/\/www.egemtv.com\/index.php?rest_route=%2Fwp%2Fv2%2Fcomments&post=42760"}],"version-history":[{"count":1,"href":"https:\/\/www.egemtv.com\/index.php?rest_route=\/wp\/v2\/posts\/42760\/revisions"}],"predecessor-version":[{"id":42762,"href":"https:\/\/www.egemtv.com\/index.php?rest_route=\/wp\/v2\/posts\/42760\/revisions\/42762"}],"wp:featuredmedia":[{"embeddable":true,"href":"https:\/\/www.egemtv.com\/index.php?rest_route=\/wp\/v2\/media\/42761"}],"wp:attachment":[{"href":"https:\/\/www.egemtv.com\/index.php?rest_route=%2Fwp%2Fv2%2Fmedia&parent=42760"}],"wp:term":[{"taxonomy":"category","embeddable":true,"href":"https:\/\/www.egemtv.com\/index.php?rest_route=%2Fwp%2Fv2%2Fcategories&post=42760"},{"taxonomy":"post_tag","embeddable":true,"href":"https:\/\/www.egemtv.com\/index.php?rest_route=%2Fwp%2Fv2%2Ftags&post=42760"}],"curies":[{"name":"wp","href":"https:\/\/api.w.org\/{rel}","templated":true}]}}