{"id":42757,"date":"2025-07-17T16:56:28","date_gmt":"2025-07-17T13:56:28","guid":{"rendered":"https:\/\/www.egemtv.com\/?p=42757"},"modified":"2025-07-17T16:56:30","modified_gmt":"2025-07-17T13:56:30","slug":"buyuksehiden-didimde-peyzaj-ve-temizlik-calismasi","status":"publish","type":"post","link":"https:\/\/www.egemtv.com\/?p=42757","title":{"rendered":"B\u00fcy\u00fck\u015fehi\u2019den Didim\u2019de peyzaj ve temizlik \u00e7al\u0131\u015fmas\u0131"},"content":{"rendered":"<p>Ayd\u0131n B\u00fcy\u00fck\u015fehir Belediye Ba\u015fkan\u0131 \u00d6zlem \u00c7er\u00e7io\u011flu\u2019nun \u00f6nc\u00fcl\u00fc\u011f\u00fcnde B\u00fcy\u00fck\u015fehir Belediyesi taraf\u0131ndan kent genelinde s\u00fcrd\u00fcr\u00fclen \u00e7al\u0131\u015fmalar Didim\u2019de de devam ediyor. Park ve Bah\u00e7eler ile \u00c7evre Koruma ve Kontrol Dairesi Ba\u015fkanl\u0131\u011f\u0131 ekipleri, il\u00e7ede kapsaml\u0131 bir temizlik ve peyzaj \u00e7al\u0131\u015fmas\u0131 ger\u00e7ekle\u015ftirdi.<\/p>\n<p>Didim\u2019in ana arterlerinde yap\u0131lan budama, temizlik ve ref\u00fcj boyama i\u015flemleriyle cadde ve bulvarlar daha d\u00fczenli ve estetik bir g\u00f6r\u00fcn\u00fcme kavu\u015ftu. B\u00fcy\u00fck\u015fehir\u2019in fidanl\u0131klar\u0131nda kad\u0131n emek\u00e7iler taraf\u0131ndan \u00f6zenle yeti\u015ftirilen mevsimlik \u00e7i\u00e7ekler ise il\u00e7eye renk katt\u0131.<\/p>\n<p>\u00c7evre Koruma ve Kontrol ekipleri de cadde ve duraklarda temizlik \u00e7al\u0131\u015fmalar\u0131 yaparak Didim\u2019i temizledi. Yap\u0131lan \u00e7al\u0131\u015fmalar vatanda\u015flar taraf\u0131ndan da memnuniyetle kar\u015f\u0131land\u0131.<\/p>\n<p>\u00c7al\u0131\u015fmalar\u0131n devam edece\u011fini belirten Ba\u015fkan \u00c7er\u00e7io\u011flu, &#8220;T\u00fcm il\u00e7elerimizde oldu\u011fu gibi Didim\u2019de de vatanda\u015flar\u0131m\u0131z\u0131n ya\u015fam kalitesini art\u0131rmak i\u00e7in ekiplerimiz sahada yo\u011fun \u015fekilde \u00e7al\u0131\u015f\u0131yor. Ayd\u0131n\u2019\u0131n her k\u00f6\u015fesinin daha ya\u015fanabilir, daha d\u00fczenli ve estetik bir g\u00f6r\u00fcn\u00fcme kavu\u015fmas\u0131 i\u00e7in titizlikle \u00e7al\u0131\u015f\u0131yoruz. \u00d6zellikle yaz aylar\u0131nda n\u00fcfusu artan Didim gibi turizm b\u00f6lgelerinde hizmetlerimizin temposunu y\u00fckseltiyoruz. \u00c7evre d\u00fczenlemesi, temizlik, peyzaj gibi hizmetler bir kentin kimli\u011fini yans\u0131t\u0131r. Biz de bu anlay\u0131\u015fla hareket ediyor; hem\u015fehrilerimizin mutlu ve huzurlu ya\u015fad\u0131\u011f\u0131 bir Ayd\u0131n i\u00e7in var g\u00fcc\u00fcm\u00fczle \u00e7al\u0131\u015f\u0131yoruz. G\u00fczel Ayd\u0131n\u0131m\u0131za ve k\u0131ymetli vatanda\u015flar\u0131m\u0131za hizmet etmeye kararl\u0131l\u0131kla devam edece\u011fiz&#8221; ifadelerini kulland\u0131.<\/p>\n<p>Didimliler ise yap\u0131lan hizmetlerden dolay\u0131 Ayd\u0131n B\u00fcy\u00fck\u015fehir Belediyesi\u2019ne ve Ba\u015fkan \u00c7er\u00e7io\u011flu\u2019na te\u015fekk\u00fcr etti.<br \/><\/p>\n","protected":false},"excerpt":{"rendered":"<p>Ayd\u0131n B\u00fcy\u00fck\u015fehir Belediye Ba\u015fkan\u0131 \u00d6zlem \u00c7er\u00e7io\u011flu\u2019nun \u00f6nc\u00fcl\u00fc\u011f\u00fcnde B\u00fcy\u00fck\u015fehir Belediyesi taraf\u0131ndan kent genelinde s\u00fcrd\u00fcr\u00fclen \u00e7al\u0131\u015fmalar Didim\u2019de de devam ediyor. Park ve Bah\u00e7eler ile \u00c7evre Koruma ve Kontrol Dairesi Ba\u015fkanl\u0131\u011f\u0131 ekipleri, il\u00e7ede kapsaml\u0131 bir temizlik ve peyzaj \u00e7al\u0131\u015fmas\u0131 ger\u00e7ekle\u015ftirdi. Didim\u2019in ana arterlerinde yap\u0131lan budama, temizlik ve ref\u00fcj boyama i\u015flemleriyle cadde ve bulvarlar daha d\u00fczenli ve estetik bir&#8230;<\/p>\n","protected":false},"author":1,"featured_media":42758,"comment_status":"open","ping_status":"open","sticky":false,"template":"","format":"standard","meta":{"_crdt_document":"","footnotes":""},"categories":[1],"tags":[],"class_list":["post-42757","post","type-post","status-publish","format-standard","has-post-thumbnail","hentry","category-guncel"],"_links":{"self":[{"href":"https:\/\/www.egemtv.com\/index.php?rest_route=\/wp\/v2\/posts\/42757","targetHints":{"allow":["GET"]}}],"collection":[{"href":"https:\/\/www.egemtv.com\/index.php?rest_route=\/wp\/v2\/posts"}],"about":[{"href":"https:\/\/www.egemtv.com\/index.php?rest_route=\/wp\/v2\/types\/post"}],"author":[{"embeddable":true,"href":"https:\/\/www.egemtv.com\/index.php?rest_route=\/wp\/v2\/users\/1"}],"replies":[{"embeddable":true,"href":"https:\/\/www.egemtv.com\/index.php?rest_route=%2Fwp%2Fv2%2Fcomments&post=42757"}],"version-history":[{"count":1,"href":"https:\/\/www.egemtv.com\/index.php?rest_route=\/wp\/v2\/posts\/42757\/revisions"}],"predecessor-version":[{"id":42759,"href":"https:\/\/www.egemtv.com\/index.php?rest_route=\/wp\/v2\/posts\/42757\/revisions\/42759"}],"wp:featuredmedia":[{"embeddable":true,"href":"https:\/\/www.egemtv.com\/index.php?rest_route=\/wp\/v2\/media\/42758"}],"wp:attachment":[{"href":"https:\/\/www.egemtv.com\/index.php?rest_route=%2Fwp%2Fv2%2Fmedia&parent=42757"}],"wp:term":[{"taxonomy":"category","embeddable":true,"href":"https:\/\/www.egemtv.com\/index.php?rest_route=%2Fwp%2Fv2%2Fcategories&post=42757"},{"taxonomy":"post_tag","embeddable":true,"href":"https:\/\/www.egemtv.com\/index.php?rest_route=%2Fwp%2Fv2%2Ftags&post=42757"}],"curies":[{"name":"wp","href":"https:\/\/api.w.org\/{rel}","templated":true}]}}