{"id":42754,"date":"2025-07-17T16:56:25","date_gmt":"2025-07-17T13:56:25","guid":{"rendered":"https:\/\/www.egemtv.com\/?p=42754"},"modified":"2025-07-17T16:56:27","modified_gmt":"2025-07-17T13:56:27","slug":"kusadasinda-minik-tenisciler-ilk-egitimlerini-tamamladi","status":"publish","type":"post","link":"https:\/\/www.egemtv.com\/?p=42754","title":{"rendered":"Ku\u015fadas\u0131\u2019nda minik tenis\u00e7iler ilk e\u011fitimlerini tamamlad\u0131"},"content":{"rendered":"<p>Ku\u015fadas\u0131 Belediyesi\u2019nin yaz spor kurslar\u0131 kapsam\u0131nda 7-13 ya\u015f aral\u0131\u011f\u0131ndaki \u00e7ocuklara y\u00f6nelik d\u00fczenledi\u011fi tenis kurslar\u0131nda ilk e\u011fitim grubu \u00e7al\u0131\u015fmalar\u0131n\u0131 ba\u015far\u0131yla tamamlad\u0131. Ku\u015fadas\u0131 Tenis Kul\u00fcb\u00fc\u2019nde ger\u00e7ekle\u015ftirilen kurslar, minik sporculara tenis sporunu tan\u0131tmay\u0131 ve temel d\u00fczeyde teknik beceriler kazand\u0131rmay\u0131 ama\u00e7l\u0131yor.<\/p>\n<p>1 Temmuz\u2019da ba\u015flayan ve 6 s\u0131n\u0131f programdan olu\u015fan birinci etap e\u011fitimlerinde, \u00e7ocuklar hem fiziksel hem de zihinsel y\u00f6nden \u00f6nemli kazan\u0131mlar elde etti. Kursun sonunda \u00f6\u011frencilerin geli\u015fimini de\u011ferlendiren Tenis E\u011fitmeni Ba\u011fdag\u00fcl \u015eim\u015fek, &#8220;\u00c7ocuklar\u0131m\u0131z derslere kolayca adapte oldular. H\u0131zl\u0131 bir geli\u015fim g\u00f6sterdiler. Her biri b\u00fcy\u00fck bir istekle \u00e7al\u0131\u015ft\u0131. \u0130\u00e7lerinde ger\u00e7ekten yetenekli olan ve kendini g\u00f6steren \u00e7ocuklar var. Do\u011fru y\u00f6nlendirmeler ve akademik e\u011fitimlerle gelece\u011fin \u00fclke ve d\u00fcnya \u00e7ap\u0131nda \u00fclkemizi temsil eden tenis\u00e7ileri olabilir&#8221; dedi.<\/p>\n<p>Kursa kat\u0131lan \u00f6\u011frenciler ise her derse keyifle geldiklerini, yeni \u015feyler \u00f6\u011frenmenin yan\u0131nda bolca e\u011flendiklerini ifade etti. Veliler ise verilen kurslar\u0131n \u00e7ocuklar\u0131n\u0131n geli\u015fimine b\u00fcy\u00fck katk\u0131 sa\u011flad\u0131\u011f\u0131n\u0131 vurgulad\u0131. Hem fiziksel hem de zihinsel olarak \u00e7ocuklar\u0131n olumlu y\u00f6nde geli\u015fti\u011fini belirten veliler, spora ve gen\u00e7lere verdi\u011fi s\u00fcrekli destekten dolay\u0131 Ku\u015fadas\u0131 Belediye Ba\u015fkan\u0131 \u00d6mer G\u00fcnel\u2019e te\u015fekk\u00fcr etti.<\/p>\n<p>Yaz d\u00f6nemi boyunca devam edecek olan tenis kurslar\u0131n\u0131n ikinci grubu, 22 Temmuz itibar\u0131yla e\u011fitime ba\u015flayacak. Ku\u015fadas\u0131 Belediyesi, \u00e7ocuklar\u0131n sporla i\u00e7 i\u00e7e b\u00fcy\u00fcmeleri ve yeteneklerini ke\u015ffetmeleri i\u00e7in yaz boyunca farkl\u0131 bran\u015flarda da kurslar a\u00e7may\u0131 s\u00fcrd\u00fcr\u00fcyor.<br \/><\/p>\n","protected":false},"excerpt":{"rendered":"<p>Ku\u015fadas\u0131 Belediyesi\u2019nin yaz spor kurslar\u0131 kapsam\u0131nda 7-13 ya\u015f aral\u0131\u011f\u0131ndaki \u00e7ocuklara y\u00f6nelik d\u00fczenledi\u011fi tenis kurslar\u0131nda ilk e\u011fitim grubu \u00e7al\u0131\u015fmalar\u0131n\u0131 ba\u015far\u0131yla tamamlad\u0131. Ku\u015fadas\u0131 Tenis Kul\u00fcb\u00fc\u2019nde ger\u00e7ekle\u015ftirilen kurslar, minik sporculara tenis sporunu tan\u0131tmay\u0131 ve temel d\u00fczeyde teknik beceriler kazand\u0131rmay\u0131 ama\u00e7l\u0131yor. 1 Temmuz\u2019da ba\u015flayan ve 6 s\u0131n\u0131f programdan olu\u015fan birinci etap e\u011fitimlerinde, \u00e7ocuklar hem fiziksel hem de zihinsel y\u00f6nden&#8230;<\/p>\n","protected":false},"author":1,"featured_media":42755,"comment_status":"open","ping_status":"open","sticky":false,"template":"","format":"standard","meta":{"_crdt_document":"","footnotes":""},"categories":[4],"tags":[],"class_list":["post-42754","post","type-post","status-publish","format-standard","has-post-thumbnail","hentry","category-spor"],"_links":{"self":[{"href":"https:\/\/www.egemtv.com\/index.php?rest_route=\/wp\/v2\/posts\/42754","targetHints":{"allow":["GET"]}}],"collection":[{"href":"https:\/\/www.egemtv.com\/index.php?rest_route=\/wp\/v2\/posts"}],"about":[{"href":"https:\/\/www.egemtv.com\/index.php?rest_route=\/wp\/v2\/types\/post"}],"author":[{"embeddable":true,"href":"https:\/\/www.egemtv.com\/index.php?rest_route=\/wp\/v2\/users\/1"}],"replies":[{"embeddable":true,"href":"https:\/\/www.egemtv.com\/index.php?rest_route=%2Fwp%2Fv2%2Fcomments&post=42754"}],"version-history":[{"count":1,"href":"https:\/\/www.egemtv.com\/index.php?rest_route=\/wp\/v2\/posts\/42754\/revisions"}],"predecessor-version":[{"id":42756,"href":"https:\/\/www.egemtv.com\/index.php?rest_route=\/wp\/v2\/posts\/42754\/revisions\/42756"}],"wp:featuredmedia":[{"embeddable":true,"href":"https:\/\/www.egemtv.com\/index.php?rest_route=\/wp\/v2\/media\/42755"}],"wp:attachment":[{"href":"https:\/\/www.egemtv.com\/index.php?rest_route=%2Fwp%2Fv2%2Fmedia&parent=42754"}],"wp:term":[{"taxonomy":"category","embeddable":true,"href":"https:\/\/www.egemtv.com\/index.php?rest_route=%2Fwp%2Fv2%2Fcategories&post=42754"},{"taxonomy":"post_tag","embeddable":true,"href":"https:\/\/www.egemtv.com\/index.php?rest_route=%2Fwp%2Fv2%2Ftags&post=42754"}],"curies":[{"name":"wp","href":"https:\/\/api.w.org\/{rel}","templated":true}]}}