{"id":42751,"date":"2025-07-17T16:56:21","date_gmt":"2025-07-17T13:56:21","guid":{"rendered":"https:\/\/www.egemtv.com\/?p=42751"},"modified":"2025-07-17T16:56:25","modified_gmt":"2025-07-17T13:56:25","slug":"salihlideki-sehit-ailelerinden-geleneksel-asure-hayri","status":"publish","type":"post","link":"https:\/\/www.egemtv.com\/?p=42751","title":{"rendered":"Salihli\u2019deki \u015fehit ailelerinden geleneksel a\u015fure hayr\u0131"},"content":{"rendered":"<p>Manisa\u2019n\u0131n Salihli il\u00e7esindeki \u015fehit aileleri, Muharrem ay\u0131 dolay\u0131s\u0131yla t\u00fcm \u015fehitler an\u0131s\u0131na a\u015fure hayr\u0131 yapt\u0131.<br \/>\n<br \/>R\u0131dvan Herey ba\u015fkanl\u0131\u011f\u0131ndaki T\u00fcrkiye Harp Malul\u00fc, Gaziler, \u015eehit, Dul ve Yetimleri Derne\u011fi Salihli Temsilcili\u011fi taraf\u0131ndan, Muharrem ay\u0131 dolay\u0131s\u0131yla Hamidiye Camisi \u00f6n\u00fcnde geleneksel a\u015fure hayr\u0131 ger\u00e7ekle\u015ftirildi.<br \/>\n<br \/>Yap\u0131lan duan\u0131n ard\u0131ndan vatanda\u015flara t\u00fcm \u015fehitler an\u0131s\u0131na a\u015fure ikram\u0131nda bulunuldu.<br \/>\n<br \/>\u015eehit aileleri olarak geleneksel a\u015fure hayr\u0131n\u0131 ger\u00e7ekle\u015ftirdiklerini belirten Dernek Ba\u015fkan\u0131 Herey, &#8220;Bu vesileyle bu vatan u\u011fruna canlar\u0131n\u0131 feda eden t\u00fcm \u015fehitlerimize Allah\u2019tan rahmet, sevenlerine ve yak\u0131nlar\u0131na ba\u015fsa\u011fl\u0131\u011f\u0131 diliyorum. Ruhlar\u0131 \u015fad, mekanlar\u0131 cennet olsun&#8221; dedi.<br \/>\n<br \/>A\u015fure hayr\u0131na Kaymakam Ali G\u00fcldo\u011fan, Belediye Ba\u015fkan\u0131 Mazlum Nurlu, \u0130l\u00e7e Emniyet M\u00fcd\u00fcr\u00fc Burhan Demirk\u0131ran, \u0130l\u00e7e Jandarma Komutan\u0131 Binba\u015f\u0131 Do\u011fukan Karaaslan, Ticaret ve Sanayi Odas\u0131 Ba\u015fkan\u0131 \u0130brahim Y\u00fcksel, Esnaf ve Sanatkarlar Kredi ve Kefalet Kooperatif Ba\u015fkan\u0131 Erdal Tunca, oda ve dernek ba\u015fkanlar\u0131, kurum m\u00fcd\u00fcrleri, gaziler, \u015fehit aileleri ile vatanda\u015flar kat\u0131ld\u0131.<br \/><\/p>\n","protected":false},"excerpt":{"rendered":"<p>Manisa\u2019n\u0131n Salihli il\u00e7esindeki \u015fehit aileleri, Muharrem ay\u0131 dolay\u0131s\u0131yla t\u00fcm \u015fehitler an\u0131s\u0131na a\u015fure hayr\u0131 yapt\u0131. R\u0131dvan Herey ba\u015fkanl\u0131\u011f\u0131ndaki T\u00fcrkiye Harp Malul\u00fc, Gaziler, \u015eehit, Dul ve Yetimleri Derne\u011fi Salihli Temsilcili\u011fi taraf\u0131ndan, Muharrem ay\u0131 dolay\u0131s\u0131yla Hamidiye Camisi \u00f6n\u00fcnde geleneksel a\u015fure hayr\u0131 ger\u00e7ekle\u015ftirildi. Yap\u0131lan duan\u0131n ard\u0131ndan vatanda\u015flara t\u00fcm \u015fehitler an\u0131s\u0131na a\u015fure ikram\u0131nda bulunuldu. \u015eehit aileleri olarak geleneksel a\u015fure hayr\u0131n\u0131&#8230;<\/p>\n","protected":false},"author":1,"featured_media":42752,"comment_status":"open","ping_status":"open","sticky":false,"template":"","format":"standard","meta":{"_crdt_document":"","footnotes":""},"categories":[123],"tags":[],"class_list":["post-42751","post","type-post","status-publish","format-standard","has-post-thumbnail","hentry","category-gundem"],"_links":{"self":[{"href":"https:\/\/www.egemtv.com\/index.php?rest_route=\/wp\/v2\/posts\/42751","targetHints":{"allow":["GET"]}}],"collection":[{"href":"https:\/\/www.egemtv.com\/index.php?rest_route=\/wp\/v2\/posts"}],"about":[{"href":"https:\/\/www.egemtv.com\/index.php?rest_route=\/wp\/v2\/types\/post"}],"author":[{"embeddable":true,"href":"https:\/\/www.egemtv.com\/index.php?rest_route=\/wp\/v2\/users\/1"}],"replies":[{"embeddable":true,"href":"https:\/\/www.egemtv.com\/index.php?rest_route=%2Fwp%2Fv2%2Fcomments&post=42751"}],"version-history":[{"count":1,"href":"https:\/\/www.egemtv.com\/index.php?rest_route=\/wp\/v2\/posts\/42751\/revisions"}],"predecessor-version":[{"id":42753,"href":"https:\/\/www.egemtv.com\/index.php?rest_route=\/wp\/v2\/posts\/42751\/revisions\/42753"}],"wp:featuredmedia":[{"embeddable":true,"href":"https:\/\/www.egemtv.com\/index.php?rest_route=\/wp\/v2\/media\/42752"}],"wp:attachment":[{"href":"https:\/\/www.egemtv.com\/index.php?rest_route=%2Fwp%2Fv2%2Fmedia&parent=42751"}],"wp:term":[{"taxonomy":"category","embeddable":true,"href":"https:\/\/www.egemtv.com\/index.php?rest_route=%2Fwp%2Fv2%2Fcategories&post=42751"},{"taxonomy":"post_tag","embeddable":true,"href":"https:\/\/www.egemtv.com\/index.php?rest_route=%2Fwp%2Fv2%2Ftags&post=42751"}],"curies":[{"name":"wp","href":"https:\/\/api.w.org\/{rel}","templated":true}]}}