{"id":42748,"date":"2025-07-17T16:16:26","date_gmt":"2025-07-17T13:16:26","guid":{"rendered":"https:\/\/www.egemtv.com\/?p=42748"},"modified":"2025-07-17T16:16:29","modified_gmt":"2025-07-17T13:16:29","slug":"bengisu-avci-kuzey-kanalinda","status":"publish","type":"post","link":"https:\/\/www.egemtv.com\/?p=42748","title":{"rendered":"Bengisu Avc\u0131, Kuzey Kanal\u0131\u2019nda"},"content":{"rendered":"<p>Ultramaraton y\u00fcz\u00fcc\u00fcs\u00fc Bengisu Avc\u0131, Ocean\u2019s 7 serisinin en zorlu parkurlar\u0131ndan bir olan Kuzey Kanal\u0131 ge\u00e7i\u015f denemesine ba\u015fl\u0131yor. \u0130zmirli y\u00fcz\u00fcc\u00fc, \u0130sko\u00e7ya-\u0130rlanda aras\u0131ndaki 35 kilometrelik parkurda, 12-13 derecelik suda saatlerce kula\u00e7 atacak.<br \/>\n<br \/>Ultramaraton y\u00fcz\u00fcc\u00fcs\u00fc Bengisu Avc\u0131, Ocean\u2019s 7\u2019nin en zorlu parkurlar\u0131ndan biri olan Kuzey Kanal\u0131 ge\u00e7i\u015f denemesi i\u00e7in \u0130sko\u00e7ya\u2019ya gitti. Ocean\u2019s 7\u2019de bug\u00fcne kadar 5 parkuru ba\u015far\u0131yla geride b\u0131rakan Bengisu Avc\u0131, okyanus ve atmosfer \u015fartlar\u0131 izin verdi\u011fi takdirde, 18 \u2013 23 Temmuz tarihleri aras\u0131nda yakla\u015f\u0131k 35 kilometrelik y\u00fczme maratonuna ba\u015flayacak. G\u00fc\u00e7l\u00fc ak\u0131nt\u0131lar ve sert r\u00fczgarlar nedeniyle ge\u00e7i\u015f, \u0130sko\u00e7ya-\u0130rlanda aras\u0131nda veya tam tersi y\u00f6nde olacak ve yakla\u015f\u0131k 10-12 saat aras\u0131 s\u00fcrecek.<\/p>\n<p>G\u00fc\u00e7l\u00fc ak\u0131nt\u0131lar ve sert r\u00fczgarlar<br \/>\n<br \/>Bengisu Avc\u0131, Donaghadee-Portpatrick aras\u0131ndaki y\u00fcz\u00fc\u015f\u00fcn\u00fcn \u00f6nemli b\u00f6l\u00fcm\u00fcn\u00fc gece yapacak. Kuzey Kanal\u0131, \u0130sko\u00e7ya-\u0130rlanda aras\u0131nda okyanusun darbo\u011faz yapt\u0131\u011f\u0131 bir b\u00f6lge olmas\u0131 nedeniyle g\u00fc\u00e7l\u00fc ak\u0131nt\u0131 ve gelgitlere sahne oluyor. Ak\u0131nt\u0131 h\u0131z\u0131 saatte 3-4 kilometreyi bulurken, y\u00f6n\u00fc de neredeyse 6 saatte bir de\u011fi\u015fiyor. Kuzey Kanal\u0131, kuzeydo\u011fu-g\u00fcneybat\u0131 uzant\u0131l\u0131 sert r\u00fczgarlar\u0131n g\u00fc\u00e7l\u00fc etkilerinin hissedildi\u011fi bir kanal ve bu r\u00fczgarlar bazen i\u00e7inde buz k\u00fcrecikleri de bar\u0131nd\u0131rabiliyor.<br \/>\n<br \/>Bengisu Avc\u0131, Minke balinalar\u0131 ve Aslan Yelesi denizanas\u0131 gibi canl\u0131lar\u0131n ge\u00e7i\u015f alan\u0131 olarak bilinen 12-13 derecelik suya sahip Kuzey Kanal\u0131\u2019n\u0131 \u2018De\u011ferler Orta\u011f\u0131\u2019 AXA T\u00fcrkiye\u2019nin deste\u011fi ile y\u00fczecek.<\/p>\n<p>Gelecek bizim elimizde<br \/>\n<br \/>2017\u2019de 22 ya\u015f\u0131nda gen\u00e7 bir kad\u0131n olarak ba\u015flad\u0131\u011f\u0131 Ocean\u2019s 7 serisinde her ge\u00e7i\u015fi farkl\u0131 sosyal sorumluluk projelerine adad\u0131\u011f\u0131n\u0131 vurgulayan Bengisu Avc\u0131, &#8220;Daha \u00f6nce T\u00fcrkiye Omurilik Fel\u00e7lileri Derne\u011fi\u2019nin ak\u00fcl\u00fc araba kampanyas\u0131 ve Koruncuk Vakf\u0131 i\u00e7in y\u00fczd\u00fcm. Ge\u00e7en y\u0131l, Birle\u015fmi\u015f Milletler\u2019in 17 K\u00fcresel Ama\u00e7 felsefesi i\u00e7inde yer alan \u2018Sudaki Ya\u015fam\u2019 i\u00e7in kula\u00e7 att\u0131m. \u015eimdi de AXA T\u00fcrkiye ile iklim de\u011fi\u015fikli\u011fine dikkat \u00e7ekerken, \u2018Gelecek Bizim Elimizde\u2019 diyece\u011fiz&#8221; \u015feklinde konu\u015ftu.<\/p>\n<p>Da\u011fc\u0131l\u0131ktaki K7\u2019nin e\u015fde\u011feri<br \/>\n<br \/>Bengisu Avc\u0131 Ocean\u2019s 7 serisinde bug\u00fcne kadar Man\u015f Denizi, Catalina, Cebelitar\u0131k Cook Bo\u011faz\u0131 ve Molokai Kanal\u0131\u2019n\u0131 ba\u015far\u0131yla ge\u00e7ti. D\u00fcnyan\u0131n en \u00f6nemli meydan okumalar\u0131ndan biri olarak g\u00f6sterilen ve da\u011fc\u0131l\u0131ktaki K7\u2019nin e\u015fde\u011feri say\u0131lan Ocean\u2019s 7\u2019deki di\u011fer iki parkur ise Kuzey Kanal\u0131 ve Japonya Tsugaru. Bengisu Avc\u0131, Kuzey Kanal\u0131\u2019ndan sonra Tsugaru haz\u0131rl\u0131klar\u0131na ba\u015flayacak ve bunu da ba\u015far\u0131rsa T\u00fcrkiye\u2019de bu zorlu seriyi bitiren ilk sporcu \u00fcnvan\u0131n\u0131 elde edecek.<\/p>\n<p>Bengisu\u2019nun ilkleri ve enleri<br \/>\n<br \/>\u0130zmirli ultramaraton y\u00fcz\u00fcc\u00fcs\u00fc, bug\u00fcne kadar ge\u00e7ti\u011fi her kanalda ayr\u0131 bir ba\u015far\u0131 elde etti. Molokai ve Cook\u2019u ge\u00e7en ilk T\u00fcrk, Catalina\u2019y\u0131 tamamlayan ilk T\u00fcrk kad\u0131n, Man\u015f\u2019\u0131 en h\u0131zl\u0131 ge\u00e7en T\u00fcrk kad\u0131n ve Cebelitar\u0131k\u2019\u0131 en h\u0131zl\u0131 ge\u00e7en T\u00fcrk \u00fcnvanlar\u0131n\u0131n sahibi olan Bengisu Avc\u0131, Kuzey Kanal\u0131 ile birlikte yine bir ilki ba\u015faracak. Her \u015fey yolunda giderse Bengisu Avc\u0131, Kuzey Kanal\u0131 ge\u00e7i\u015fi sonunda Ocean\u2019s 7\u2019de alt\u0131 kanal ge\u00e7en ilk ve tek T\u00fcrk olma mutlulu\u011funu ya\u015fayacak.<br \/><\/p>\n","protected":false},"excerpt":{"rendered":"<p>Ultramaraton y\u00fcz\u00fcc\u00fcs\u00fc Bengisu Avc\u0131, Ocean\u2019s 7 serisinin en zorlu parkurlar\u0131ndan bir olan Kuzey Kanal\u0131 ge\u00e7i\u015f denemesine ba\u015fl\u0131yor. \u0130zmirli y\u00fcz\u00fcc\u00fc, \u0130sko\u00e7ya-\u0130rlanda aras\u0131ndaki 35 kilometrelik parkurda, 12-13 derecelik suda saatlerce kula\u00e7 atacak. Ultramaraton y\u00fcz\u00fcc\u00fcs\u00fc Bengisu Avc\u0131, Ocean\u2019s 7\u2019nin en zorlu parkurlar\u0131ndan biri olan Kuzey Kanal\u0131 ge\u00e7i\u015f denemesi i\u00e7in \u0130sko\u00e7ya\u2019ya gitti. Ocean\u2019s 7\u2019de bug\u00fcne kadar 5 parkuru ba\u015far\u0131yla&#8230;<\/p>\n","protected":false},"author":1,"featured_media":42749,"comment_status":"open","ping_status":"open","sticky":false,"template":"","format":"standard","meta":{"_crdt_document":"","footnotes":""},"categories":[4],"tags":[],"class_list":["post-42748","post","type-post","status-publish","format-standard","has-post-thumbnail","hentry","category-spor"],"_links":{"self":[{"href":"https:\/\/www.egemtv.com\/index.php?rest_route=\/wp\/v2\/posts\/42748","targetHints":{"allow":["GET"]}}],"collection":[{"href":"https:\/\/www.egemtv.com\/index.php?rest_route=\/wp\/v2\/posts"}],"about":[{"href":"https:\/\/www.egemtv.com\/index.php?rest_route=\/wp\/v2\/types\/post"}],"author":[{"embeddable":true,"href":"https:\/\/www.egemtv.com\/index.php?rest_route=\/wp\/v2\/users\/1"}],"replies":[{"embeddable":true,"href":"https:\/\/www.egemtv.com\/index.php?rest_route=%2Fwp%2Fv2%2Fcomments&post=42748"}],"version-history":[{"count":1,"href":"https:\/\/www.egemtv.com\/index.php?rest_route=\/wp\/v2\/posts\/42748\/revisions"}],"predecessor-version":[{"id":42750,"href":"https:\/\/www.egemtv.com\/index.php?rest_route=\/wp\/v2\/posts\/42748\/revisions\/42750"}],"wp:featuredmedia":[{"embeddable":true,"href":"https:\/\/www.egemtv.com\/index.php?rest_route=\/wp\/v2\/media\/42749"}],"wp:attachment":[{"href":"https:\/\/www.egemtv.com\/index.php?rest_route=%2Fwp%2Fv2%2Fmedia&parent=42748"}],"wp:term":[{"taxonomy":"category","embeddable":true,"href":"https:\/\/www.egemtv.com\/index.php?rest_route=%2Fwp%2Fv2%2Fcategories&post=42748"},{"taxonomy":"post_tag","embeddable":true,"href":"https:\/\/www.egemtv.com\/index.php?rest_route=%2Fwp%2Fv2%2Ftags&post=42748"}],"curies":[{"name":"wp","href":"https:\/\/api.w.org\/{rel}","templated":true}]}}