{"id":42742,"date":"2025-07-17T16:16:20","date_gmt":"2025-07-17T13:16:20","guid":{"rendered":"https:\/\/www.egemtv.com\/?p=42742"},"modified":"2025-07-17T16:16:23","modified_gmt":"2025-07-17T13:16:23","slug":"demircideki-yatirimlara-yakin-takip","status":"publish","type":"post","link":"https:\/\/www.egemtv.com\/?p=42742","title":{"rendered":"Demirci\u2019deki yat\u0131r\u0131mlara yak\u0131n takip"},"content":{"rendered":"<p>Manisa\u2019n\u0131n Demirci il\u00e7esinde Kaymakam Fatih Bayram ve Belediye Ba\u015fkan\u0131 Erkan Kara il\u00e7ede devam eden yat\u0131r\u0131mlar\u0131 ve yeni yap\u0131lacak yat\u0131r\u0131m alanlar\u0131n\u0131 gezdi.<br \/>\n<br \/>Yat\u0131r\u0131m ve hizmetleriyle Ege\u2019nin parlayan y\u0131ld\u0131z\u0131 haline gelen Manisa\u2019n\u0131n Demirci il\u00e7esinde yakla\u015f\u0131k 20 g\u00fcn \u00f6nce il\u00e7ede yeni g\u00f6revine ba\u015flayan Kaymakam Fatih Bayram, Belediye Ba\u015fkan\u0131 Erkan Kara ile birlikte il\u00e7ede devam eden belediye ve h\u00fck\u00fcmet yat\u0131r\u0131mlar\u0131n\u0131 ve yeni yat\u0131r\u0131mlar\u0131n yap\u0131laca\u011f\u0131 alanlarda inceleme yapt\u0131.<br \/>\n<br \/>Gen\u00e7lik ve Spor Bakanl\u0131\u011f\u0131n\u0131n destekleri ile Dr. Mehmet Akarsu Mahallesine yap\u0131lan dev spor yat\u0131r\u0131m\u0131n\u0131 ziyaret eden Kaymakam Bayram ve Ba\u015fkan Kara yat\u0131r\u0131m kapsam\u0131nda devam eden \u00e7al\u0131\u015fmalar\u0131 yerinde inceledi.<br \/>\n<br \/>\u0130l\u00e7eye yeni yap\u0131lan dev spor \u00fcss\u00fc yat\u0131r\u0131m\u0131nda 2 \u00e7ok ama\u00e7l\u0131 saha (futbol, voleybol, basketbol), 2 sert zemin tenis kortu, bocce sahalar\u0131, ok at\u0131\u015f poligonu, kapal\u0131 trib\u00fcn ve soyunma odalar\u0131, kapal\u0131 antrenman ve spor salonu ve atletizm ko\u015fu pisti yer alacak. 13 y\u0131ld\u0131r at\u0131l vaziyette bulunan eski meteoroloji binas\u0131n\u0131 sosyal tesis olarak restorasyonuna ba\u015flanan yat\u0131r\u0131m\u0131 da gezen Kaymakam Fatih Bayram\u2019a, Belediye Ba\u015fkan\u0131 Erkan Kara tesis in\u015faat\u0131 ve tesisin faaliyet \u00e7al\u0131\u015fmas\u0131 ile ilgili de bilgiler verdi.<br \/>\n<br \/>E\u011fitim Kenti Demirci\u2019ye Belediye Ba\u015fkan\u0131 Erkan Kara\u2019n\u0131n giri\u015fimleri ile yap\u0131lan T\u00dcB\u0130TAK 4003 K\u00fc\u00e7\u00fck \u00d6l\u00e7ekli Bilim Demirci Merkezi\u2019ni ziyaret eden Kaymakam Fatih Bayram kurulacak \u00e7al\u0131\u015fma at\u00f6lyeleri ile ilgili de bilgi ald\u0131.<br \/>\n<br \/>75. Y\u0131l Alime Pa\u015fa Ortaokulu\u2019nun 2. kat\u0131nda faaliyet g\u00f6sterecek olan T\u00dcB\u0130TAK\u2019\u0131n yan\u0131 s\u0131ra T3 Vakf\u0131n\u0131n da destek verece\u011fi Bilim Demirci b\u00fcnyesinde Do\u011fa Bilimleri At\u00f6lyesi, Matematik At\u00f6lyesi, Astronomi, Uzay ve Havac\u0131l\u0131k At\u00f6lyesi, Tasar\u0131m At\u00f6lyesi ve Teknoloji At\u00f6lyesi yer alacak.<br \/>\n<br \/>Kaymakam Bayram ve Ba\u015fkan Erkan Kara daha sonra Demirci Belediyesince \u015eehrek\u00fcst\u00fc Mahallesine yap\u0131lan yapay \u015felale ve ya\u015fam alan\u0131n\u0131 gezdi.<br \/>\n<br \/>Tar\u0131m \u00dcr\u00fcnleri Merkezini de ziyaret eden Kaymakam Bayram ve Ba\u015fkan Kara il\u00e7eye hay\u0131rseverler taraf\u0131ndan yap\u0131lan E\u011fitim Fak\u00fcltesi G\u00f6zlemevini ve Yeni Meslek Y\u00fcksekokulu binas\u0131n\u0131 da gezdi.<br \/>\n<br \/>Belediye Ba\u015fkan\u0131 Erkan Kara\u2019n\u0131n giri\u015fim ve \u00e7al\u0131\u015fmalar\u0131 ile il\u00e7eye kazand\u0131r\u0131lacak olan Demirci Huzurevi alan\u0131n\u0131 da gezen Kaymakam Fatih Bayram \u00e7al\u0131\u015fmalarda gelinen son a\u015fama ile ilgili de bilgi ald\u0131.<br \/><\/p>\n","protected":false},"excerpt":{"rendered":"<p>Manisa\u2019n\u0131n Demirci il\u00e7esinde Kaymakam Fatih Bayram ve Belediye Ba\u015fkan\u0131 Erkan Kara il\u00e7ede devam eden yat\u0131r\u0131mlar\u0131 ve yeni yap\u0131lacak yat\u0131r\u0131m alanlar\u0131n\u0131 gezdi. Yat\u0131r\u0131m ve hizmetleriyle Ege\u2019nin parlayan y\u0131ld\u0131z\u0131 haline gelen Manisa\u2019n\u0131n Demirci il\u00e7esinde yakla\u015f\u0131k 20 g\u00fcn \u00f6nce il\u00e7ede yeni g\u00f6revine ba\u015flayan Kaymakam Fatih Bayram, Belediye Ba\u015fkan\u0131 Erkan Kara ile birlikte il\u00e7ede devam eden belediye ve h\u00fck\u00fcmet&#8230;<\/p>\n","protected":false},"author":1,"featured_media":42743,"comment_status":"open","ping_status":"open","sticky":false,"template":"","format":"standard","meta":{"_crdt_document":"","footnotes":""},"categories":[127],"tags":[],"class_list":["post-42742","post","type-post","status-publish","format-standard","has-post-thumbnail","hentry","category-siyaset"],"_links":{"self":[{"href":"https:\/\/www.egemtv.com\/index.php?rest_route=\/wp\/v2\/posts\/42742","targetHints":{"allow":["GET"]}}],"collection":[{"href":"https:\/\/www.egemtv.com\/index.php?rest_route=\/wp\/v2\/posts"}],"about":[{"href":"https:\/\/www.egemtv.com\/index.php?rest_route=\/wp\/v2\/types\/post"}],"author":[{"embeddable":true,"href":"https:\/\/www.egemtv.com\/index.php?rest_route=\/wp\/v2\/users\/1"}],"replies":[{"embeddable":true,"href":"https:\/\/www.egemtv.com\/index.php?rest_route=%2Fwp%2Fv2%2Fcomments&post=42742"}],"version-history":[{"count":1,"href":"https:\/\/www.egemtv.com\/index.php?rest_route=\/wp\/v2\/posts\/42742\/revisions"}],"predecessor-version":[{"id":42744,"href":"https:\/\/www.egemtv.com\/index.php?rest_route=\/wp\/v2\/posts\/42742\/revisions\/42744"}],"wp:featuredmedia":[{"embeddable":true,"href":"https:\/\/www.egemtv.com\/index.php?rest_route=\/wp\/v2\/media\/42743"}],"wp:attachment":[{"href":"https:\/\/www.egemtv.com\/index.php?rest_route=%2Fwp%2Fv2%2Fmedia&parent=42742"}],"wp:term":[{"taxonomy":"category","embeddable":true,"href":"https:\/\/www.egemtv.com\/index.php?rest_route=%2Fwp%2Fv2%2Fcategories&post=42742"},{"taxonomy":"post_tag","embeddable":true,"href":"https:\/\/www.egemtv.com\/index.php?rest_route=%2Fwp%2Fv2%2Ftags&post=42742"}],"curies":[{"name":"wp","href":"https:\/\/api.w.org\/{rel}","templated":true}]}}