{"id":42739,"date":"2025-07-17T15:55:40","date_gmt":"2025-07-17T12:55:40","guid":{"rendered":"https:\/\/www.egemtv.com\/?p=42739"},"modified":"2025-07-17T15:55:43","modified_gmt":"2025-07-17T12:55:43","slug":"bozdogan-belediyesinden-yanginlara-karsi-damacanali-onlem","status":"publish","type":"post","link":"https:\/\/www.egemtv.com\/?p=42739","title":{"rendered":"Bozdo\u011fan Belediyesi\u2019nden yang\u0131nlara kar\u015f\u0131 damacanal\u0131 \u00f6nlem"},"content":{"rendered":"<p>Bozdo\u011fan Belediyesi, yaz aylar\u0131nda artan orman yang\u0131n\u0131 riskine kar\u015f\u0131 fark\u0131ndal\u0131k olu\u015fturmak ve muhtemel yang\u0131nlara ilk m\u00fcdahalenin h\u0131zla yap\u0131labilmesini sa\u011flamak amac\u0131yla \u00f6nemli bir uygulamay\u0131 hayata ge\u00e7irdi. Belediye ekipleri, ormanl\u0131k alanlar ve yol kenarlar\u0131na uyar\u0131c\u0131 tabelalar e\u015fli\u011finde 200 adet damacana su yerle\u015ftirdi.<\/p>\n<p>\u00c7al\u0131\u015fma sayesinde vatanda\u015flar\u0131n yang\u0131n ba\u015flang\u0131c\u0131nda ellerinin alt\u0131nda kullan\u0131labilir su bulundurmas\u0131 ve olaya h\u0131zl\u0131ca m\u00fcdahale edebilmesi hedefleniyor. Ayr\u0131ca bu uygulama, toplumda yang\u0131nlarla m\u00fccadele konusunda duyarl\u0131l\u0131\u011f\u0131 art\u0131rmay\u0131 da ama\u00e7l\u0131yor.<\/p>\n<p>Ba\u015fkan Galip \u00d6zel: &#8220;Ormanlar\u0131m\u0131z hepimizin ortak miras\u0131d\u0131r&#8221;<br \/>\n<br \/>Bozdo\u011fan Belediye Ba\u015fkan\u0131 Mustafa Galip \u00d6zel, yap\u0131lan \u00e7al\u0131\u015fman\u0131n hem \u00f6nleyici bir tedbir hem de fark\u0131ndal\u0131k olu\u015fturma amac\u0131 ta\u015f\u0131d\u0131\u011f\u0131n\u0131 vurgulayarak \u015fu a\u00e7\u0131klamalarda bulundu:<br \/>\n<br \/>&#8220;Ormanlar\u0131m\u0131z hepimizin ortak miras\u0131 gelece\u011fimizdir. \u00d6zellikle yaz mevsiminde k\u00fc\u00e7\u00fck bir ihmal b\u00fcy\u00fck felaketlere yol a\u00e7abiliyor. Bu nedenle biz de hem yang\u0131nlara kar\u015f\u0131 h\u0131zl\u0131 bir ilk m\u00fcdahale yap\u0131labilmesi hem de vatanda\u015flar\u0131m\u0131zda bir fark\u0131ndal\u0131k olu\u015fmas\u0131 ad\u0131na bu \u00e7al\u0131\u015fmay\u0131 ger\u00e7ekle\u015ftirdik. \u0130l\u00e7emizdeki orman ve arazi yollar\u0131 boyunca 200 adet damacana su yerle\u015ftirdik. Bu sular, bir yang\u0131n an\u0131nda ilk m\u00fcdahale amac\u0131yla kullan\u0131lmak \u00fczere haz\u0131r bulunuyor&#8221;<\/p>\n<p>&#8220;Damacanalar\u0131 koruyun, suyu israf etmeyin&#8221;<br \/>\n<br \/>Ba\u015fkan \u00d6zel, vatanda\u015flara da \u00e7a\u011fr\u0131da bulunarak, &#8220;Vatanda\u015flar\u0131m\u0131zdan bu damacanalara sahip \u00e7\u0131kmalar\u0131n\u0131, yerlerini korumalar\u0131n\u0131 ve gereksiz yere suyu bo\u015fa harcamamalar\u0131n\u0131 rica ediyoruz. Yang\u0131nla m\u00fccadelede h\u0131zl\u0131 m\u00fcdahale hayati \u00f6nem ta\u015f\u0131yor. Herkesin ormanl\u0131k alanlarda daha dikkatli olmas\u0131n\u0131, sigara izmaritlerini rastgele atmamas\u0131n\u0131, cam \u015fi\u015fe gibi g\u00fcne\u015f \u0131\u015f\u0131\u011f\u0131n\u0131 yo\u011funla\u015ft\u0131rabilecek maddeleri do\u011faya b\u0131rakmamas\u0131n\u0131 istiyoruz. \u015e\u00fcpheli bir duman veya yang\u0131n ba\u015flang\u0131c\u0131 fark edildi\u011finde ise zaman kaybetmeden Alo 177 veya 112 Acil \u00c7a\u011fr\u0131 Merkezi\u2019ne bilgi verilmelidir&#8221; ifadelerini kulland\u0131.<br \/><\/p>\n","protected":false},"excerpt":{"rendered":"<p>Bozdo\u011fan Belediyesi, yaz aylar\u0131nda artan orman yang\u0131n\u0131 riskine kar\u015f\u0131 fark\u0131ndal\u0131k olu\u015fturmak ve muhtemel yang\u0131nlara ilk m\u00fcdahalenin h\u0131zla yap\u0131labilmesini sa\u011flamak amac\u0131yla \u00f6nemli bir uygulamay\u0131 hayata ge\u00e7irdi. Belediye ekipleri, ormanl\u0131k alanlar ve yol kenarlar\u0131na uyar\u0131c\u0131 tabelalar e\u015fli\u011finde 200 adet damacana su yerle\u015ftirdi. \u00c7al\u0131\u015fma sayesinde vatanda\u015flar\u0131n yang\u0131n ba\u015flang\u0131c\u0131nda ellerinin alt\u0131nda kullan\u0131labilir su bulundurmas\u0131 ve olaya h\u0131zl\u0131ca m\u00fcdahale edebilmesi&#8230;<\/p>\n","protected":false},"author":1,"featured_media":42740,"comment_status":"open","ping_status":"open","sticky":false,"template":"","format":"standard","meta":{"_crdt_document":"","footnotes":""},"categories":[1],"tags":[],"class_list":["post-42739","post","type-post","status-publish","format-standard","has-post-thumbnail","hentry","category-guncel"],"_links":{"self":[{"href":"https:\/\/www.egemtv.com\/index.php?rest_route=\/wp\/v2\/posts\/42739","targetHints":{"allow":["GET"]}}],"collection":[{"href":"https:\/\/www.egemtv.com\/index.php?rest_route=\/wp\/v2\/posts"}],"about":[{"href":"https:\/\/www.egemtv.com\/index.php?rest_route=\/wp\/v2\/types\/post"}],"author":[{"embeddable":true,"href":"https:\/\/www.egemtv.com\/index.php?rest_route=\/wp\/v2\/users\/1"}],"replies":[{"embeddable":true,"href":"https:\/\/www.egemtv.com\/index.php?rest_route=%2Fwp%2Fv2%2Fcomments&post=42739"}],"version-history":[{"count":1,"href":"https:\/\/www.egemtv.com\/index.php?rest_route=\/wp\/v2\/posts\/42739\/revisions"}],"predecessor-version":[{"id":42741,"href":"https:\/\/www.egemtv.com\/index.php?rest_route=\/wp\/v2\/posts\/42739\/revisions\/42741"}],"wp:featuredmedia":[{"embeddable":true,"href":"https:\/\/www.egemtv.com\/index.php?rest_route=\/wp\/v2\/media\/42740"}],"wp:attachment":[{"href":"https:\/\/www.egemtv.com\/index.php?rest_route=%2Fwp%2Fv2%2Fmedia&parent=42739"}],"wp:term":[{"taxonomy":"category","embeddable":true,"href":"https:\/\/www.egemtv.com\/index.php?rest_route=%2Fwp%2Fv2%2Fcategories&post=42739"},{"taxonomy":"post_tag","embeddable":true,"href":"https:\/\/www.egemtv.com\/index.php?rest_route=%2Fwp%2Fv2%2Ftags&post=42739"}],"curies":[{"name":"wp","href":"https:\/\/api.w.org\/{rel}","templated":true}]}}